{"id":9994,"date":"2020-03-03T14:14:28","date_gmt":"2020-03-03T14:14:28","guid":{"rendered":"https:\/\/www.radiopresidenteibanez.cl\/web\/?p=9994"},"modified":"2020-03-03T14:14:31","modified_gmt":"2020-03-03T14:14:31","slug":"gobernador-raul-suazo-y-seremi-marco-mella-encabezaron-conversatorio-para-promover-la-nueva-agenda-social-en-natales","status":"publish","type":"post","link":"https:\/\/www.radiopresidenteibanez.cl\/web\/gobernador-raul-suazo-y-seremi-marco-mella-encabezaron-conversatorio-para-promover-la-nueva-agenda-social-en-natales\/","title":{"rendered":"GOBERNADOR RA\u00daL SUAZO Y SEREMI MARCO MELLA ENCABEZARON CONVERSATORIO PARA PROMOVER LA NUEVA AGENDA SOCIAL EN NATALES"},"content":{"rendered":"\n<p>Con la finalidad de darle\na conocer a la ciudadan\u00eda las implicancias de la nueva Agenda Social que est\u00e1\nimpulsando el Presidente Sebasti\u00e1n Pi\u00f1era, el Gobernador de la Provincia de\n\u00daltima Esperanza, Ra\u00fal Suazo, junto al Seremi de Transportes y\nTelecomunicaciones, Marco Mella, llegaron hasta la junta vecinal n\u00b0 9 para\nreunirse con una gran cantidad de adultos mayores que asistieron a este\nencuentro.<\/p>\n\n\n\n<p>La idea era que los\nasistentes pudiesen estar al tanto de los temas m\u00e1s apremiantes, en este caso,\nse le dio especial \u00e9nfasis al tema de salud y de reforma de pensiones; no obstante,\ntambi\u00e9n se abarcaron \u00e1reas tales como el ingreso m\u00ednimo garantizado, bono\nextraordinario, beneficios para adultos mayores y temas asociados a PYMEs.<\/p>\n\n\n\n<p>Ante la buena asistencia\nde p\u00fablico que tuvo este conversatorio, el Gobernador Ra\u00fal Suazo valor\u00f3 el\nhecho de que desde el Gobierno, a nivel nacional, se est\u00e9n generando estas\ninstancias, sobre esto coment\u00f3 que \u201cestamos muy contentos porque tuvimos una\ngran convocatoria, eso demuestra que la gente est\u00e1 interesada y le preocupa lo\nque sucede a nivel de estas reformas estructurales, sabemos que el pa\u00eds ha\nvenido pasando momentos complicados desde octubre a la fecha, pero lo\nimportante es que como pa\u00eds estamos avanzando a trav\u00e9s de esta nueva agenda\nsocial porque como dice la frase, a\u00fan tenemos mucho #ChileJuntos\u201d.<\/p>\n\n\n\n<p>Por su parte, el Seremi\nde Transportes, Marco Mella, se mostr\u00f3 muy satisfecho con la realizaci\u00f3n de\nesta actividad, ya que implic\u00f3 un di\u00e1logo directo entre las autoridades y la\nciudadan\u00eda, al respecto se\u00f1al\u00f3 que \u201cel encuentro con esta comunidad de\nadultos mayores fue muy positivo, me voy muy contento por la calidad del\ndi\u00e1logo, la interacci\u00f3n con ellos y la visi\u00f3n que nos plantearon. En esta\noportunidad vinimos encomendados por el Presidente Pi\u00f1era para escuchar y poder\natender todas estas necesidades de la gente, por lo mismo, nos llevamos algunas\ntareas tambi\u00e9n. Nuestra idea es volver para concretar esas tareas, y claro est\u00e1\nque estamos siempre dispuestos a escuchar a toda la comunidad de Natales\u201d.<\/p>\n\n\n\n<p>Finalmente,\ntanto las autoridades como las personas que asistieron a este conversatorio se\nretiraron muy conformes con los temas tratados, ya que pudieron plantear sus\ndudas y escuchar una respuesta directamente desde las autoridades. Asimismo, se\nespera que actividades como esta se repitan con la finalidad de promover el\n#ChileJuntos que la nueva agenda social busca.<\/p>\n","protected":false},"excerpt":{"rendered":"<p>Con la finalidad de darle a conocer a la ciudadan\u00eda las implicancias de la nueva Agenda Social que est\u00e1 impulsando el Presidente Sebasti\u00e1n Pi\u00f1era, el Gobernador de la Provincia de&#8230; <a class=\"read-more\" href=\"https:\/\/www.radiopresidenteibanez.cl\/web\/gobernador-raul-suazo-y-seremi-marco-mella-encabezaron-conversatorio-para-promover-la-nueva-agenda-social-en-natales\/\">Leer m\u00e1s<\/a><\/p>\n","protected":false},"author":2,"featured_media":9995,"comment_status":"closed","ping_status":"closed","sticky":false,"template":"","format":"standard","meta":{"footnotes":""},"categories":[1],"tags":[],"class_list":["post-9994","post","type-post","status-publish","format-standard","has-post-thumbnail","hentry","category-cronica"],"_links":{"self":[{"href":"https:\/\/www.radiopresidenteibanez.cl\/web\/wp-json\/wp\/v2\/posts\/9994","targetHints":{"allow":["GET"]}}],"collection":[{"href":"https:\/\/www.radiopresidenteibanez.cl\/web\/wp-json\/wp\/v2\/posts"}],"about":[{"href":"https:\/\/www.radiopresidenteibanez.cl\/web\/wp-json\/wp\/v2\/types\/post"}],"author":[{"embeddable":true,"href":"https:\/\/www.radiopresidenteibanez.cl\/web\/wp-json\/wp\/v2\/users\/2"}],"replies":[{"embeddable":true,"href":"https:\/\/www.radiopresidenteibanez.cl\/web\/wp-json\/wp\/v2\/comments?post=9994"}],"version-history":[{"count":0,"href":"https:\/\/www.radiopresidenteibanez.cl\/web\/wp-json\/wp\/v2\/posts\/9994\/revisions"}],"wp:featuredmedia":[{"embeddable":true,"href":"https:\/\/www.radiopresidenteibanez.cl\/web\/wp-json\/wp\/v2\/media\/9995"}],"wp:attachment":[{"href":"https:\/\/www.radiopresidenteibanez.cl\/web\/wp-json\/wp\/v2\/media?parent=9994"}],"wp:term":[{"taxonomy":"category","embeddable":true,"href":"https:\/\/www.radiopresidenteibanez.cl\/web\/wp-json\/wp\/v2\/categories?post=9994"},{"taxonomy":"post_tag","embeddable":true,"href":"https:\/\/www.radiopresidenteibanez.cl\/web\/wp-json\/wp\/v2\/tags?post=9994"}],"curies":[{"name":"wp","href":"https:\/\/api.w.org\/{rel}","templated":true}]}}