{"id":9991,"date":"2020-03-03T13:10:53","date_gmt":"2020-03-03T13:10:53","guid":{"rendered":"https:\/\/www.radiopresidenteibanez.cl\/web\/?p=9991"},"modified":"2020-03-03T13:10:58","modified_gmt":"2020-03-03T13:10:58","slug":"en-puerto-natales-seremi-de-gobierno-llamo-a-postular-a-fondos-concursables-del-ministerio-secretaria-general-de-gobierno","status":"publish","type":"post","link":"https:\/\/www.radiopresidenteibanez.cl\/web\/en-puerto-natales-seremi-de-gobierno-llamo-a-postular-a-fondos-concursables-del-ministerio-secretaria-general-de-gobierno\/","title":{"rendered":"EN PUERTO NATALES, SEREMI DE GOBIERNO LLAM\u00d3 A POSTULAR A FONDOS CONCURSABLES DEL MINISTERIO SECRETAR\u00cdA GENERAL DE GOBIERNO"},"content":{"rendered":"\n<p>A\nPuerto Natales se traslad\u00f3 la seremi de Gobierno, Alejandra Mu\u00f1oz, para invitar\na las organizaciones sociales y a los representantes de los medios de\ncomunicaci\u00f3n de la provincia de \u00daltima Esperanza, a postular a los Fondos\nConcursables del Ministerio Secretar\u00eda General de Gobierno.<\/p>\n\n\n\n<p>En la\nactividad que se realiz\u00f3 en la Biblioteca P\u00fablica y que cont\u00f3 con la presencia\ndel gobernador Ra\u00fal Suazo, se dieron a conocer las bases t\u00e9cnicas y\nadministrativas del Fondo de Fortalecimiento de Organizaciones de Inter\u00e9s\nP\u00fablico 2020 (FFOIP), y del Fondo de Fomento de Medios de Comunicaci\u00f3n Social\n(FFMCS).<\/p>\n\n\n\n<p>En el\ncaso del FFOIP se financiar\u00e1n proyectos de car\u00e1cter local, regional y nacional\norientados en derechos humanos, asistencia social, educaci\u00f3n, salud, medio ambiente\no cualquiera otra de bien com\u00fan.<\/p>\n\n\n\n<p>En\ntanto, quienes presenten iniciativas en el Fondo de Medios tendr\u00e1n una\nbonificaci\u00f3n especial al momento de ser evaluados los proyectos que fomenten y\npromuevan acciones orientadas a la inclusi\u00f3n social y medio ambiente.<\/p>\n\n\n\n<p>La vocera\nGobierno, Alejandra Mu\u00f1oz, manifest\u00f3 que \u201cpara el ministerio Secretar\u00eda General\nde Gobierno siempre es importante que en cada rinc\u00f3n de nuestra regi\u00f3n y\nnuestro pa\u00eds hayan dirigentes y medios de comunicaci\u00f3n interesados en\nparticipar de nuestros Fondos. Como una forma de descentralizar, llegamos hasta\nla provincia de \u00daltima Esperanza para dar a conocer las bases, poder entregar\nlos detalles, modificaciones y requisitos que tienen que cumplir este a\u00f1o,\nquienes tengan la intenci\u00f3n de presentar iniciativas\u201d.<\/p>\n\n\n\n<p>El\nvicepresidente de la Junta de Vecinos N\u00b01 Puerto Natales, Giovanni Torteroglio,\nse\u00f1al\u00f3 que \u201ces importante, como parte de la sociedad civil, poder tener la\nposibilidad de postular a Fondos provenientes del Estado. Nos permite presentar\niniciativas para trabajar en post del desarrollo de los vecinos de esta Junta\nque es la m\u00e1s antigua de la comuna, y adem\u00e1s por el Club de Adulto Mayor, para\nque ellos puedan tener una vida m\u00e1s activa\u201d.<\/p>\n\n\n\n<p>La\npresidenta de la Uni\u00f3n Comunal de Juntas de Vecinos de Puerto Natales, Bel\u00e9n\nDavey, tambi\u00e9n particip\u00f3 en el lanzamiento de los Fondos Concursables.\n\u201cEsperamos con ansias este Fondo de Fortalecimiento, ya que son un puntal\nimportante para que las distintas organizaciones territoriales y funcionales\nlogren recursos, y as\u00ed puedan presentar iniciativas con una mejor inclusi\u00f3n y\ncon proyectos sustentables, que no sean solo por los tres meses de ejecuci\u00f3n,\nsino que tengan un impacto dentro de las comunidades a las cuales se\nbeneficia\u201d.<\/p>\n\n\n\n<p><strong>Plazos y montos <\/strong><\/p>\n\n\n\n<p>La\nseremi de Gobierno, Alejandra Mu\u00f1oz, se\u00f1al\u00f3 que hay disponibles $43.407.371\npara las iniciativas de la regi\u00f3n, por lo que llam\u00f3 a los dirigentes sociales\nde la provincia de \u00daltima Esperanza a motivarse y a presentar sus proyectos. <\/p>\n\n\n\n<p>Para\npoder postular a este Fondo, la asociaci\u00f3n o agrupaci\u00f3n debe estar inscrita en\nel catastro de organizaciones de inter\u00e9s p\u00fablico en <a href=\"http:\/\/www.fondodefortalecimiento.gob.cl\">www.fondodefortalecimiento.gob.cl<\/a><\/p>\n\n\n\n<p>El\nplazo de postulaci\u00f3n por escrito se inicia el 6 de marzo y se extender\u00e1 hasta\nel 3 de abril, en tanto que la postulaci\u00f3n online tambi\u00e9n comienza el 6 de\nmarzo y se prolongar\u00e1 hasta el 13 de abril.<\/p>\n\n\n\n<p>Respecto\na las bases t\u00e9cnicas y administrativas del Fondo de Fomento de Medios de\nComunicaci\u00f3n Social las encuentran en <a href=\"http:\/\/www.fondodemedios.gob.cl\">www.fondodemedios.gob.cl<\/a>,\nmientras que el plazo de postulaci\u00f3n comenz\u00f3 el pasado lunes 2 de marzo y se\nextender\u00e1 hasta el 31 de este mes. Este a\u00f1o, el FFMCS considera $92.945.003\npara financiar las iniciativas de la regi\u00f3n. <\/p>\n","protected":false},"excerpt":{"rendered":"<p>A Puerto Natales se traslad\u00f3 la seremi de Gobierno, Alejandra Mu\u00f1oz, para invitar a las organizaciones sociales y a los representantes de los medios de comunicaci\u00f3n de la provincia de&#8230; <a class=\"read-more\" href=\"https:\/\/www.radiopresidenteibanez.cl\/web\/en-puerto-natales-seremi-de-gobierno-llamo-a-postular-a-fondos-concursables-del-ministerio-secretaria-general-de-gobierno\/\">Leer m\u00e1s<\/a><\/p>\n","protected":false},"author":2,"featured_media":9992,"comment_status":"closed","ping_status":"closed","sticky":false,"template":"","format":"standard","meta":{"footnotes":""},"categories":[1],"tags":[],"class_list":["post-9991","post","type-post","status-publish","format-standard","has-post-thumbnail","hentry","category-cronica"],"_links":{"self":[{"href":"https:\/\/www.radiopresidenteibanez.cl\/web\/wp-json\/wp\/v2\/posts\/9991","targetHints":{"allow":["GET"]}}],"collection":[{"href":"https:\/\/www.radiopresidenteibanez.cl\/web\/wp-json\/wp\/v2\/posts"}],"about":[{"href":"https:\/\/www.radiopresidenteibanez.cl\/web\/wp-json\/wp\/v2\/types\/post"}],"author":[{"embeddable":true,"href":"https:\/\/www.radiopresidenteibanez.cl\/web\/wp-json\/wp\/v2\/users\/2"}],"replies":[{"embeddable":true,"href":"https:\/\/www.radiopresidenteibanez.cl\/web\/wp-json\/wp\/v2\/comments?post=9991"}],"version-history":[{"count":0,"href":"https:\/\/www.radiopresidenteibanez.cl\/web\/wp-json\/wp\/v2\/posts\/9991\/revisions"}],"wp:featuredmedia":[{"embeddable":true,"href":"https:\/\/www.radiopresidenteibanez.cl\/web\/wp-json\/wp\/v2\/media\/9992"}],"wp:attachment":[{"href":"https:\/\/www.radiopresidenteibanez.cl\/web\/wp-json\/wp\/v2\/media?parent=9991"}],"wp:term":[{"taxonomy":"category","embeddable":true,"href":"https:\/\/www.radiopresidenteibanez.cl\/web\/wp-json\/wp\/v2\/categories?post=9991"},{"taxonomy":"post_tag","embeddable":true,"href":"https:\/\/www.radiopresidenteibanez.cl\/web\/wp-json\/wp\/v2\/tags?post=9991"}],"curies":[{"name":"wp","href":"https:\/\/api.w.org\/{rel}","templated":true}]}}