{"id":9988,"date":"2020-03-03T13:08:06","date_gmt":"2020-03-03T13:08:06","guid":{"rendered":"https:\/\/www.radiopresidenteibanez.cl\/web\/?p=9988"},"modified":"2020-03-03T13:08:11","modified_gmt":"2020-03-03T13:08:11","slug":"vecinos-de-rio-verde-se-capacitan-en-manejo-de-riendas","status":"publish","type":"post","link":"https:\/\/www.radiopresidenteibanez.cl\/web\/vecinos-de-rio-verde-se-capacitan-en-manejo-de-riendas\/","title":{"rendered":"VECINOS DE R\u00cdO VERDE SE CAPACITAN EN MANEJO DE RIENDAS"},"content":{"rendered":"\n<p>Con el objetivo de incrementar los\nconocimientos de los habitantes de la comuna de R\u00edo Verde, este fin de semana se\nrealiz\u00f3 un curso de manejo de caballos y movimiento de riendas. <\/p>\n\n\n\n<p>La iniciativa fue posible gracias a la alianza p\u00fablica- privada, entre la\nMunicipalidad de R\u00edo Verde y BluRiver, que trajo a Luis Gerardo Soto, ex\ncampe\u00f3n nacional de Movimiento a la Rienda, que cuenta con 12 a\u00f1os de\nexperiencia en amanse, entrenamiento en movimiento de riendas y\nequitaci\u00f3n, para que comparta sus conocimientos con los vecinos de la comuna.<\/p>\n\n\n\n<p>&nbsp;\u201cEl curso es muy bueno, nos ayuda al trabajo\nque hacemos d\u00eda a d\u00eda con el caballo, entonces nos sirve bastante, porque son\nt\u00e9cnicas que uno a veces desconoce. Agradezco a la Municipalidad, que siempre\nrealiza estos cursos que a uno le sirven\u201d, coment\u00f3 Ra\u00fal C\u00e1rcamo, trabajador de\nIsla Riesco.<\/p>\n\n\n\n<p>En tanto, para el trabajador de\nla Estancia San Carlos, Patricio Riquelme, \u201cel curso fue muy bueno, muy\nimportante, con muchos conocimientos, que muchas veces no tenemos. Sabemos\nmover un caballo, pero el profesor nos trajo ideas muy claras, ideas que no\nsab\u00edamos para sacarle m\u00e1s provecho\u201d, resalt\u00f3.<\/p>\n\n\n\n<p>Una experiencia que valor\u00f3 el\nprofesor Luis Gerardo Soto, que por segunda vez visita esta comuna para compartir\nsus conocimientos. \u201cLa gente estaba muy entusiasmada. Yo trasmito la\nexperiencia del movimiento y entrenamiento de caballos de riendas, y hay una\nserie de conocimientos que son importados y yo los ajuste a nuestra realidad, a\nnuestra disciplina y se los vine a entregar ac\u00e1 en un formato reducido\u201d,\npuntualiz\u00f3. <\/p>\n\n\n\n<p>Una de las impulsoras de esta\niniciativa fue la alcaldesa de R\u00edo Verde, Tatiana V\u00e1squez, que manifest\u00f3:\n\u201cquiero agradecer a la empresa BluRiver por estar siempre presente en estas\nactividades de capacitaci\u00f3n, son vecinos que colaboran con las actividades de\ncapacitaci\u00f3n del municipio de R\u00edo Verde.<\/p>\n\n\n\n<p>Finalmente, Ignacio Covacevich,\ngerente de BluRiver, coment\u00f3: \u201cPara la empresa es super importante dentro del\nconvenio que tenemos con la municipalidad de R\u00edo Verde, entregar cursos que\nsean \u00fatiles, que sean herramientas que la gente que habita en R\u00edo Verde pueda\nutilizar en sus labores diarias. En\neste caso, el curso de manejo de riendas es fundamental para los trabajadores\ndel campo, ya que es parte de sus herramientas de trabajo, as\u00ed que nosotros\nestamos muy contentos de poder aportar\u201d.<\/p>\n","protected":false},"excerpt":{"rendered":"<p>Con el objetivo de incrementar los conocimientos de los habitantes de la comuna de R\u00edo Verde, este fin de semana se realiz\u00f3 un curso de manejo de caballos y movimiento&#8230; <a class=\"read-more\" href=\"https:\/\/www.radiopresidenteibanez.cl\/web\/vecinos-de-rio-verde-se-capacitan-en-manejo-de-riendas\/\">Leer m\u00e1s<\/a><\/p>\n","protected":false},"author":2,"featured_media":9989,"comment_status":"closed","ping_status":"closed","sticky":false,"template":"","format":"standard","meta":{"footnotes":""},"categories":[1],"tags":[],"class_list":["post-9988","post","type-post","status-publish","format-standard","has-post-thumbnail","hentry","category-cronica"],"_links":{"self":[{"href":"https:\/\/www.radiopresidenteibanez.cl\/web\/wp-json\/wp\/v2\/posts\/9988","targetHints":{"allow":["GET"]}}],"collection":[{"href":"https:\/\/www.radiopresidenteibanez.cl\/web\/wp-json\/wp\/v2\/posts"}],"about":[{"href":"https:\/\/www.radiopresidenteibanez.cl\/web\/wp-json\/wp\/v2\/types\/post"}],"author":[{"embeddable":true,"href":"https:\/\/www.radiopresidenteibanez.cl\/web\/wp-json\/wp\/v2\/users\/2"}],"replies":[{"embeddable":true,"href":"https:\/\/www.radiopresidenteibanez.cl\/web\/wp-json\/wp\/v2\/comments?post=9988"}],"version-history":[{"count":0,"href":"https:\/\/www.radiopresidenteibanez.cl\/web\/wp-json\/wp\/v2\/posts\/9988\/revisions"}],"wp:featuredmedia":[{"embeddable":true,"href":"https:\/\/www.radiopresidenteibanez.cl\/web\/wp-json\/wp\/v2\/media\/9989"}],"wp:attachment":[{"href":"https:\/\/www.radiopresidenteibanez.cl\/web\/wp-json\/wp\/v2\/media?parent=9988"}],"wp:term":[{"taxonomy":"category","embeddable":true,"href":"https:\/\/www.radiopresidenteibanez.cl\/web\/wp-json\/wp\/v2\/categories?post=9988"},{"taxonomy":"post_tag","embeddable":true,"href":"https:\/\/www.radiopresidenteibanez.cl\/web\/wp-json\/wp\/v2\/tags?post=9988"}],"curies":[{"name":"wp","href":"https:\/\/api.w.org\/{rel}","templated":true}]}}