{"id":997,"date":"2019-02-01T15:09:09","date_gmt":"2019-02-01T15:09:09","guid":{"rendered":"http:\/\/www.radiopresidenteibanez.cl\/web\/?p=997"},"modified":"2019-02-01T15:09:31","modified_gmt":"2019-02-01T15:09:31","slug":"centro-privativo-de-libertad-de-punta-arenas-y-programa-de-intervencion-especializada-pie-natales-se-suman-como-centros-de-distribucion-de-preservativos","status":"publish","type":"post","link":"https:\/\/www.radiopresidenteibanez.cl\/web\/centro-privativo-de-libertad-de-punta-arenas-y-programa-de-intervencion-especializada-pie-natales-se-suman-como-centros-de-distribucion-de-preservativos\/","title":{"rendered":"CENTRO PRIVATIVO DE LIBERTAD DE PUNTA ARENAS Y PROGRAMA DE INTERVENCI\u00d3N ESPECIALIZADA (PIE) NATALES SE SUMAN COMO CENTROS DE DISTRIBUCI\u00d3N DE PRESERVATIVOS"},"content":{"rendered":"\n<p>Dos\nnuevas instituciones se incorporaron como centros de distribuci\u00f3n de\npreservativos, iniciativa impulsada por la Secretar\u00eda Regional Ministerial de\nSalud de Magallanes como parte de las acciones que desarrolla en la regi\u00f3n en\nmateria de prevenci\u00f3n de VIH e Infecciones de Transmisi\u00f3n Sexual (ITS) para\nfomentar la promoci\u00f3n de la conducta sexual segura, sobre todo al segmento\njoven de la poblaci\u00f3n.<\/p>\n\n\n\n<p>La\nEncargada del Programa de Prevenci\u00f3n de VIH de la SEREMI de Salud, enfermera\nConstanza Bravo, explic\u00f3 que \u201cel a\u00f1o 2019 se ha iniciado con la incorporaci\u00f3n\nde estos dos nuevos centros de distribuci\u00f3n y orientaci\u00f3n relacionada con la\nprevenci\u00f3n del VIH e ITS, el centro privativo de libertad en Punta Arenas y el\nPIE en Puerto Natales, ejerciendo en forma pionera este rol al ser el primer\ncentro que cumple esta funci\u00f3n en esa localidad. En la actualidad tenemos 9\ncentros de distribuci\u00f3n. Adem\u00e1s, la Universidad de Magallanes y Sernameg est\u00e1n\nen proceso de compromiso para incorporarse a esta Estrategia\u201d. <\/p>\n\n\n\n<p>Esta\niniciativa se enmarca en el Programa de Prevenci\u00f3n y Control del VIH\/SIDA y las\nITS del Ministerio de Salud, la cual busca aumentar los cambios de\ncomportamientos individuales y sociales que disminuyan tanto la transmisi\u00f3n del\nVIH, las infecciones de transmisi\u00f3n sexual y la discriminaci\u00f3n de las personas\nen situaci\u00f3n de vulnerabilidad.<\/p>\n\n\n\n<p>Con\nla incorporaci\u00f3n de estas dos nuevas instituciones, se\u00f1al\u00f3 la profesional, se\nfortalece el trabajo en grupos objetivos de las organizaciones como son los\nadolescentes y j\u00f3venes, y tambi\u00e9n en grupos vulnerables o de riesgo, cooperando\ncon el acceso y entrega de los preservativos masculinos y femeninos para hacer\nla promoci\u00f3n de la conducta sexual segura en la comunidad.<\/p>\n\n\n\n<p>El director regional del Servicio\nNacional de Menores (Sename), Mario Miranda se\u00f1al\u00f3: \u201cPara nosotros es\nprimordial facilitar los canales de difusi\u00f3n y distribuci\u00f3n de material\neducativo a los j\u00f3venes que se vinculan a diario con nuestra instituci\u00f3n, esta\ninstancia demuestra que el trabajo intersectorial con la SEREMI de Salud y los\ndistintos organismos del Estado, pueden impactar positivamente a los ni\u00f1os,\nni\u00f1as y adolescentes de nuestra regi\u00f3n\u201d.<\/p>\n\n\n\n<p>La\nenfermera Constanza Bravo indic\u00f3 que semestralmente se realiza un balance de las\nconsejer\u00edas y entrega de preservativos por parte de los centros, lo cual ha\ndemostrado una positiva respuesta de la comunidad y mayor naturalidad por parte\nde la poblaci\u00f3n a la hora de solicitar estos dispositivos y hacer consultas\nrespecto a esta tem\u00e1tica. <\/p>\n\n\n\n<p>Durante\nel 2018 la Autoridad Sanitaria distribuy\u00f3 por demanda espont\u00e1nea y en los\ncentros habilitados alrededor de 12.500 preservativos, siendo los grupos\netarios de mayor demanda los de 15 a 19 a\u00f1os, y de 20 a 24 a\u00f1os,\nrespectivamente.<\/p>\n\n\n\n<p>Junto a las instituciones anteriormente mencionados, los\notros centros de distribuci\u00f3n de preservativos que actualmente est\u00e1n en\nfuncionamiento en la regi\u00f3n son: INJUV, la Cruz Roja, Programa de Intervenci\u00f3n\nEspecializada (PIE) Identidad Sur, PIE Magallanes, Programa Ambulatorio\nIntensivo (PAI) Adolescente, INACAP y Residencia San Juan del Convenio\nSENDA-SSM.<\/p>\n","protected":false},"excerpt":{"rendered":"<p>Dos nuevas instituciones se incorporaron como centros de distribuci\u00f3n de preservativos, iniciativa impulsada por la Secretar\u00eda Regional Ministerial de Salud de Magallanes como parte de las acciones que desarrolla en&#8230; <a class=\"read-more\" href=\"https:\/\/www.radiopresidenteibanez.cl\/web\/centro-privativo-de-libertad-de-punta-arenas-y-programa-de-intervencion-especializada-pie-natales-se-suman-como-centros-de-distribucion-de-preservativos\/\">Leer m\u00e1s<\/a><\/p>\n","protected":false},"author":2,"featured_media":998,"comment_status":"closed","ping_status":"closed","sticky":false,"template":"","format":"standard","meta":{"footnotes":""},"categories":[1],"tags":[],"class_list":["post-997","post","type-post","status-publish","format-standard","has-post-thumbnail","hentry","category-cronica"],"_links":{"self":[{"href":"https:\/\/www.radiopresidenteibanez.cl\/web\/wp-json\/wp\/v2\/posts\/997","targetHints":{"allow":["GET"]}}],"collection":[{"href":"https:\/\/www.radiopresidenteibanez.cl\/web\/wp-json\/wp\/v2\/posts"}],"about":[{"href":"https:\/\/www.radiopresidenteibanez.cl\/web\/wp-json\/wp\/v2\/types\/post"}],"author":[{"embeddable":true,"href":"https:\/\/www.radiopresidenteibanez.cl\/web\/wp-json\/wp\/v2\/users\/2"}],"replies":[{"embeddable":true,"href":"https:\/\/www.radiopresidenteibanez.cl\/web\/wp-json\/wp\/v2\/comments?post=997"}],"version-history":[{"count":0,"href":"https:\/\/www.radiopresidenteibanez.cl\/web\/wp-json\/wp\/v2\/posts\/997\/revisions"}],"wp:featuredmedia":[{"embeddable":true,"href":"https:\/\/www.radiopresidenteibanez.cl\/web\/wp-json\/wp\/v2\/media\/998"}],"wp:attachment":[{"href":"https:\/\/www.radiopresidenteibanez.cl\/web\/wp-json\/wp\/v2\/media?parent=997"}],"wp:term":[{"taxonomy":"category","embeddable":true,"href":"https:\/\/www.radiopresidenteibanez.cl\/web\/wp-json\/wp\/v2\/categories?post=997"},{"taxonomy":"post_tag","embeddable":true,"href":"https:\/\/www.radiopresidenteibanez.cl\/web\/wp-json\/wp\/v2\/tags?post=997"}],"curies":[{"name":"wp","href":"https:\/\/api.w.org\/{rel}","templated":true}]}}