{"id":994,"date":"2019-02-01T15:05:02","date_gmt":"2019-02-01T15:05:02","guid":{"rendered":"http:\/\/www.radiopresidenteibanez.cl\/web\/?p=994"},"modified":"2019-02-01T15:05:36","modified_gmt":"2019-02-01T15:05:36","slug":"desocupacion-vuelve-a-caer-en-magallanes-sumando-750-nuevos-puestos-de-trabajo","status":"publish","type":"post","link":"https:\/\/www.radiopresidenteibanez.cl\/web\/desocupacion-vuelve-a-caer-en-magallanes-sumando-750-nuevos-puestos-de-trabajo\/","title":{"rendered":"DESOCUPACI\u00d3N VUELVE A CAER EN MAGALLANES SUMANDO 750 NUEVOS PUESTOS DE TRABAJO"},"content":{"rendered":"\n<p>Tras la emisi\u00f3n de un nuevo informe\nestad\u00edstico de empleo trimestral, elaborado por el Instituto Nacional de\nEstad\u00edsticas (Ine), Magallanes reafirm\u00f3 su puesto como una de las regiones con\nla menor tasa de desocupaci\u00f3n del pa\u00eds, con una nueva baja en el desempleo, que\nqued\u00f3 en un 2,6% y sum\u00f3 durante el a\u00f1o 750 nuevos puestos de trabajo, de\nacuerdo al an\u00e1lisis.<\/p>\n\n\n\n<p>As\u00ed lo destac\u00f3 esta ma\u00f1ana la Seremi del\nTrabajo, Victoria Cort\u00e9s Schiattino, quien se mostr\u00f3 entusiasmada con las\ncifras, se\u00f1alando, sin embargo, que no s\u00f3lo se debe poner atenci\u00f3n en los\nn\u00fameros, sino m\u00e1s a\u00fan, en ir mejorando la calidad de vida y oportunidades de\nlos trabajadores magall\u00e1nicos.<\/p>\n\n\n\n<p>\u201cEfectivamente, en este nuevo informe de\nempleo del Ine, evidenciamos buenas noticias con un nuevo retroceso en el\ndesempleo, tanto anual como trimestral, por cuanto, la regi\u00f3n qued\u00f3 con un 2,6%\nde desocupaci\u00f3n, lo que se traduce en un total de casi 87 mil personas con\ntrabajo en la zona y un aumento de 750 nuevos ocupados en el a\u00f1o. Cabe destacar\nen esto, la cantidad de trabajadores con contrato que aumentaron en 1.830\npersonas, lo cual nos deja tambi\u00e9n muy contentos\u201d, reflexion\u00f3 la autoridad laboral.<\/p>\n\n\n\n<p>Sin embargo, a\u00f1adi\u00f3, \u201ces relevante que no\nactuemos fr\u00edamente al analizar estos datos, porque lo importante no es poner\ns\u00f3lo la atenci\u00f3n en las cifras, sino que mirar m\u00e1s all\u00e1 y trabajar en ir\nmejorando la calidad de vida y las oportunidades que generamos para los\ntrabajadores magall\u00e1nicos. En ese sentido, uno de los principales puntos a\natacar es la tasa de informalidad que baj\u00f3 levemente a un 20,6%. Ese es el\nprincipal mandato de nuestro Presidente Sebasti\u00e1n Pi\u00f1era, por tanto, el\nretroceso de la informalidad en los trabajadores por Cuenta Propia es una buena\nnoticia, pero a\u00fan insuficiente\u201d.<\/p>\n\n\n\n<p>De acuerdo a los datos del Ine, la\ncategor\u00eda de Trabajadores por Cuenta Propia, si bien tuvo un aumento, la\ninformalidad dentro de esta categor\u00eda se vio disminuida en un 10,6%, lo que se\ntraduce en m\u00e1s de 740 personas que se formalizaron.<\/p>\n\n\n\n<p>Sobre la variaci\u00f3n por ramas econ\u00f3micas,\ndestacaron los rubros de Comercio, Turismo y Construcci\u00f3n, con 12,3%, 25,3% y\n14,8% de aumentos respectivos. \u201cEl sector Comercio, habitualmente en este\nper\u00edodo, aumenta su nivel de puestos laborales debido a las fiestas de fin de\na\u00f1o. No obstante, hemos visto un aumento sostenido en el rubro tur\u00edstico\ndurante el a\u00f1o y esperamos que Construcci\u00f3n tambi\u00e9n mantenga su repunte\u201d,\nagreg\u00f3 la secretaria regional.<\/p>\n\n\n\n<p>En materia de g\u00e9nero, la desocupaci\u00f3n\nfemenina qued\u00f3 en un 3,1%, frente a la tasa masculina que se situ\u00f3 en un 2,3%.\nAnte las tasas de participaci\u00f3n en la mujer en el trabajo, Cort\u00e9s se\u00f1al\u00f3 que\n\u201cdurante el a\u00f1o anterior la tasa de participaci\u00f3n de las mujeres super\u00f3 el 55%\ny se mantuvo creciendo levemente. Hoy est\u00e1 en un 55,5%, lo cual todav\u00eda se\nconsidera bajo en comparaci\u00f3n con la presencia de los varones, no obstante,\nesperamos durante este a\u00f1o empezar a consolidar las pol\u00edticas de la Agenda Mujer\ndel Presidente Pi\u00f1era e ir acortando las brechas\u201d, enfatiz\u00f3 la Seremi.<\/p>\n","protected":false},"excerpt":{"rendered":"<p>Tras la emisi\u00f3n de un nuevo informe estad\u00edstico de empleo trimestral, elaborado por el Instituto Nacional de Estad\u00edsticas (Ine), Magallanes reafirm\u00f3 su puesto como una de las regiones con la&#8230; <a class=\"read-more\" href=\"https:\/\/www.radiopresidenteibanez.cl\/web\/desocupacion-vuelve-a-caer-en-magallanes-sumando-750-nuevos-puestos-de-trabajo\/\">Leer m\u00e1s<\/a><\/p>\n","protected":false},"author":2,"featured_media":995,"comment_status":"closed","ping_status":"closed","sticky":false,"template":"","format":"standard","meta":{"footnotes":""},"categories":[1],"tags":[],"class_list":["post-994","post","type-post","status-publish","format-standard","has-post-thumbnail","hentry","category-cronica"],"_links":{"self":[{"href":"https:\/\/www.radiopresidenteibanez.cl\/web\/wp-json\/wp\/v2\/posts\/994","targetHints":{"allow":["GET"]}}],"collection":[{"href":"https:\/\/www.radiopresidenteibanez.cl\/web\/wp-json\/wp\/v2\/posts"}],"about":[{"href":"https:\/\/www.radiopresidenteibanez.cl\/web\/wp-json\/wp\/v2\/types\/post"}],"author":[{"embeddable":true,"href":"https:\/\/www.radiopresidenteibanez.cl\/web\/wp-json\/wp\/v2\/users\/2"}],"replies":[{"embeddable":true,"href":"https:\/\/www.radiopresidenteibanez.cl\/web\/wp-json\/wp\/v2\/comments?post=994"}],"version-history":[{"count":0,"href":"https:\/\/www.radiopresidenteibanez.cl\/web\/wp-json\/wp\/v2\/posts\/994\/revisions"}],"wp:featuredmedia":[{"embeddable":true,"href":"https:\/\/www.radiopresidenteibanez.cl\/web\/wp-json\/wp\/v2\/media\/995"}],"wp:attachment":[{"href":"https:\/\/www.radiopresidenteibanez.cl\/web\/wp-json\/wp\/v2\/media?parent=994"}],"wp:term":[{"taxonomy":"category","embeddable":true,"href":"https:\/\/www.radiopresidenteibanez.cl\/web\/wp-json\/wp\/v2\/categories?post=994"},{"taxonomy":"post_tag","embeddable":true,"href":"https:\/\/www.radiopresidenteibanez.cl\/web\/wp-json\/wp\/v2\/tags?post=994"}],"curies":[{"name":"wp","href":"https:\/\/api.w.org\/{rel}","templated":true}]}}