{"id":9937,"date":"2020-02-28T18:01:05","date_gmt":"2020-02-28T18:01:05","guid":{"rendered":"https:\/\/www.radiopresidenteibanez.cl\/web\/?p=9937"},"modified":"2020-02-28T18:01:09","modified_gmt":"2020-02-28T18:01:09","slug":"magallanicos-intercambiaron-mas-de-300-envases-de-vidrio-por-entradas-a-la-pista-de-hielo-de-zona-austral","status":"publish","type":"post","link":"https:\/\/www.radiopresidenteibanez.cl\/web\/magallanicos-intercambiaron-mas-de-300-envases-de-vidrio-por-entradas-a-la-pista-de-hielo-de-zona-austral\/","title":{"rendered":"MAGALL\u00c1NICOS INTERCAMBIARON M\u00c1S DE 300 ENVASES DE VIDRIO POR ENTRADAS A LA PISTA DE HIELO DE ZONA AUSTRAL"},"content":{"rendered":"\n<p>M\u00e1s de 300\nenvases de vidrio se recuperaron este jueves en Zona Franca en la actividad\n\u00a1Recicla y Divi\u00e9rtete!. La iniciativa organizada por la Seremi del Medio\nAmbiente de la Regi\u00f3n de Magallanes y de la Ant\u00e1rtica Chilena y Zona Austral, ten\u00eda\npor objetivo incentivar la Econom\u00eda Circular regalando entradas a la Pista de\nHielo.<\/p>\n\n\n\n<p>El Seremi del\nMedio Ambiente, Eduardo Schiappacasse agradeci\u00f3 el compromiso de los m\u00e1s\npeque\u00f1os, porque muchas veces son ellos quienes incentivan a sus padres a\nreciclar y cuidar el Medio Ambiente. \u201cClaramente son los ni\u00f1os y ni\u00f1as el motor\nde cambio y eso lo hemos podido observar en todas las actividades de educaci\u00f3n\nambiental que realizamos. Hoy fueron ellos quienes llegaron a intercambiar los\nenvases de vidrio por entradas a la Pista de Hielo y logramos recuperar m\u00e1s de\n300 unidades. El reciclaje es un tema que nos interesa promover como Gobierno y\nen el caso puntual de Magallanes, necesitamos avanzar, ya que hoy estamos\nreciclando entre un 4 y 5% y la media nacional es de un 10%. La intenci\u00f3n es seguir\navanzando y reciclar todo lo que podamos, disminuyendo la cantidad de residuos\nque llegan al vertedero\u201d, indic\u00f3.<\/p>\n\n\n\n<p>Por su parte, Gonzalo\nFlores, subgerente comercial de SRI, concesionaria de Zona Franca de Punta\nArenas, se\u00f1al\u00f3 que \u201cla iniciativa llega como parte de un proceso y compromiso\ncontinuo de SRI y las empresas de la familia Fischer con el Medio Ambiente, con\nMagallanes y el pa\u00eds en general. Desde hace alg\u00fan tiempo ya trabajamos en\niniciativas para cuidar el planeta, como la campa\u00f1a #ChaoBombillas y la entrega\nde bolsas reciclables en ZonAustral, lo cual marc\u00f3 un hito para la regi\u00f3n. En\nesa l\u00ednea, nuestra idea es premiar a nuestros usuarios, locatarios y\nvisitantes, con esta nueva campa\u00f1a, generando adem\u00e1s una cultura de reciclaje,\ncon puntos reciclaje de botellas de vidrio, pl\u00e1sticos y cartones dispuestos en\nel recinto franco\u00bb.<\/p>\n\n\n\n<p>El vidrio es\nun elemento que se puede recuperar en un 100% y como ning\u00fan otro material,\npuede reciclarse todas las veces que se quiera sin perder sus propiedades.\nAdem\u00e1s, en Punta Arenas, gracias a las gestiones de la Municipalidad,\nCristaler\u00edas Chile y Transmares, existen 35 campanas de recolecci\u00f3n en\ndistintos puntos de la ciudad.<\/p>\n","protected":false},"excerpt":{"rendered":"<p>M\u00e1s de 300 envases de vidrio se recuperaron este jueves en Zona Franca en la actividad \u00a1Recicla y Divi\u00e9rtete!. La iniciativa organizada por la Seremi del Medio Ambiente de la&#8230; <a class=\"read-more\" href=\"https:\/\/www.radiopresidenteibanez.cl\/web\/magallanicos-intercambiaron-mas-de-300-envases-de-vidrio-por-entradas-a-la-pista-de-hielo-de-zona-austral\/\">Leer m\u00e1s<\/a><\/p>\n","protected":false},"author":2,"featured_media":9938,"comment_status":"closed","ping_status":"closed","sticky":false,"template":"","format":"standard","meta":{"footnotes":""},"categories":[1],"tags":[],"class_list":["post-9937","post","type-post","status-publish","format-standard","has-post-thumbnail","hentry","category-cronica"],"_links":{"self":[{"href":"https:\/\/www.radiopresidenteibanez.cl\/web\/wp-json\/wp\/v2\/posts\/9937","targetHints":{"allow":["GET"]}}],"collection":[{"href":"https:\/\/www.radiopresidenteibanez.cl\/web\/wp-json\/wp\/v2\/posts"}],"about":[{"href":"https:\/\/www.radiopresidenteibanez.cl\/web\/wp-json\/wp\/v2\/types\/post"}],"author":[{"embeddable":true,"href":"https:\/\/www.radiopresidenteibanez.cl\/web\/wp-json\/wp\/v2\/users\/2"}],"replies":[{"embeddable":true,"href":"https:\/\/www.radiopresidenteibanez.cl\/web\/wp-json\/wp\/v2\/comments?post=9937"}],"version-history":[{"count":0,"href":"https:\/\/www.radiopresidenteibanez.cl\/web\/wp-json\/wp\/v2\/posts\/9937\/revisions"}],"wp:featuredmedia":[{"embeddable":true,"href":"https:\/\/www.radiopresidenteibanez.cl\/web\/wp-json\/wp\/v2\/media\/9938"}],"wp:attachment":[{"href":"https:\/\/www.radiopresidenteibanez.cl\/web\/wp-json\/wp\/v2\/media?parent=9937"}],"wp:term":[{"taxonomy":"category","embeddable":true,"href":"https:\/\/www.radiopresidenteibanez.cl\/web\/wp-json\/wp\/v2\/categories?post=9937"},{"taxonomy":"post_tag","embeddable":true,"href":"https:\/\/www.radiopresidenteibanez.cl\/web\/wp-json\/wp\/v2\/tags?post=9937"}],"curies":[{"name":"wp","href":"https:\/\/api.w.org\/{rel}","templated":true}]}}