{"id":9935,"date":"2020-02-28T17:45:23","date_gmt":"2020-02-28T17:45:23","guid":{"rendered":"https:\/\/www.radiopresidenteibanez.cl\/web\/?p=9935"},"modified":"2020-02-28T17:45:27","modified_gmt":"2020-02-28T17:45:27","slug":"marcela-cubillos-renuncio-al-ministerio-de-educacion","status":"publish","type":"post","link":"https:\/\/www.radiopresidenteibanez.cl\/web\/marcela-cubillos-renuncio-al-ministerio-de-educacion\/","title":{"rendered":"MARCELA CUBILLOS RENUNCI\u00d3 AL MINISTERIO DE EDUCACI\u00d3N"},"content":{"rendered":"\n<p>Pasadas las 13:00 horas, en dependencias de la Moneda, el presidente\nSebasti\u00e1n Pi\u00f1era anunci\u00f3 la salida de Marcela Cubillos, como ministra de educaci\u00f3n\nluego de que presentar\u00e1 su renuncia, en su lugar quedar\u00e1 el hasta ayer era subsecretario\nde educaci\u00f3n, Ra\u00fal Figueroa.<\/p>\n\n\n\n<p>Se menciona que Cubillos podr\u00eda ser rostro de la campa\u00f1a del\nrechazo para el plebiscito del 26 de abril.<\/p>\n","protected":false},"excerpt":{"rendered":"<p>Pasadas las 13:00 horas, en dependencias de la Moneda, el presidente Sebasti\u00e1n Pi\u00f1era anunci\u00f3 la salida de Marcela Cubillos, como ministra de educaci\u00f3n luego de que presentar\u00e1 su renuncia, en&#8230; <a class=\"read-more\" href=\"https:\/\/www.radiopresidenteibanez.cl\/web\/marcela-cubillos-renuncio-al-ministerio-de-educacion\/\">Leer m\u00e1s<\/a><\/p>\n","protected":false},"author":2,"featured_media":5494,"comment_status":"closed","ping_status":"closed","sticky":false,"template":"","format":"standard","meta":{"footnotes":""},"categories":[1],"tags":[],"class_list":["post-9935","post","type-post","status-publish","format-standard","has-post-thumbnail","hentry","category-cronica"],"_links":{"self":[{"href":"https:\/\/www.radiopresidenteibanez.cl\/web\/wp-json\/wp\/v2\/posts\/9935","targetHints":{"allow":["GET"]}}],"collection":[{"href":"https:\/\/www.radiopresidenteibanez.cl\/web\/wp-json\/wp\/v2\/posts"}],"about":[{"href":"https:\/\/www.radiopresidenteibanez.cl\/web\/wp-json\/wp\/v2\/types\/post"}],"author":[{"embeddable":true,"href":"https:\/\/www.radiopresidenteibanez.cl\/web\/wp-json\/wp\/v2\/users\/2"}],"replies":[{"embeddable":true,"href":"https:\/\/www.radiopresidenteibanez.cl\/web\/wp-json\/wp\/v2\/comments?post=9935"}],"version-history":[{"count":0,"href":"https:\/\/www.radiopresidenteibanez.cl\/web\/wp-json\/wp\/v2\/posts\/9935\/revisions"}],"wp:featuredmedia":[{"embeddable":true,"href":"https:\/\/www.radiopresidenteibanez.cl\/web\/wp-json\/wp\/v2\/media\/5494"}],"wp:attachment":[{"href":"https:\/\/www.radiopresidenteibanez.cl\/web\/wp-json\/wp\/v2\/media?parent=9935"}],"wp:term":[{"taxonomy":"category","embeddable":true,"href":"https:\/\/www.radiopresidenteibanez.cl\/web\/wp-json\/wp\/v2\/categories?post=9935"},{"taxonomy":"post_tag","embeddable":true,"href":"https:\/\/www.radiopresidenteibanez.cl\/web\/wp-json\/wp\/v2\/tags?post=9935"}],"curies":[{"name":"wp","href":"https:\/\/api.w.org\/{rel}","templated":true}]}}