{"id":9932,"date":"2020-02-28T17:33:57","date_gmt":"2020-02-28T17:33:57","guid":{"rendered":"https:\/\/www.radiopresidenteibanez.cl\/web\/?p=9932"},"modified":"2020-02-28T17:34:02","modified_gmt":"2020-02-28T17:34:02","slug":"anuncian-continuidad-de-pavimentacion-desde-cerro-castillo-hacia-el-parque-nacional-torres-del-paine","status":"publish","type":"post","link":"https:\/\/www.radiopresidenteibanez.cl\/web\/anuncian-continuidad-de-pavimentacion-desde-cerro-castillo-hacia-el-parque-nacional-torres-del-paine\/","title":{"rendered":"ANUNCIAN CONTINUIDAD DE PAVIMENTACI\u00d3N DESDE CERRO CASTILLO HACIA EL PARQUE NACIONAL TORRES DEL PAINE"},"content":{"rendered":"\n<p>Una visita inspectiva a las obras de pavimentaci\u00f3n desde Cerro Castillo a\nPuente Las M\u00e1scaras, realizaron este jueves el Gobernador de la Provincia de la\n\u00daltima Esperanza Raul Suazo, Seremi de Obras P\u00fablicas Pablo Rendoll, y el jefe de la Secretar\u00eda de Planificaci\u00f3n\nMunicipal de Torres del Paine, Pablo Orias.<\/p>\n\n\n\n<p>Las autoridades constataron en terreno el avance de la obra, que supera el\n80 por ciento, y considera la pavimentaci\u00f3n de 13 kil\u00f3metros, estim\u00e1ndose el\nt\u00e9rmino de la iniciativa para abril del presente a\u00f1o.<\/p>\n\n\n\n<p>\u201cLas obras de hormig\u00f3n pr\u00e1cticamente est\u00e1n terminadas y lo que resta ahora\nes el trabajo en bermas, demarcaci\u00f3n y se\u00f1alizaci\u00f3n, por lo que esperamos abrir\npr\u00f3ximamente este camino a tr\u00e1nsito\u201d, se\u00f1al\u00f3 el Seremi de Obras P\u00fablicas,\na\u00f1adiendo que \u201cen paralelo se iniciaron todos los tr\u00e1mites para licitar la\ncontinuaci\u00f3n de esta importante obra, que nos permitir\u00e1 pavimentar 17 kil\u00f3metros\nhasta la bifurcaci\u00f3n con la Ruta Y-150\u201d.<\/p>\n\n\n\n<p>Dicha iniciativa se materializar\u00e1 con fondos sectoriales, al igual que los\nprimeros 13 kil\u00f3metros, estim\u00e1ndose un presupuesto de M$ 17.557.300.<\/p>\n\n\n\n<p>\u201cNos encontramos muy contentos por haber visitado el estado de avance de\nlas obras de pavimentaci\u00f3n, concret\u00e1ndose los 13 kil\u00f3metros que estaban\ncomprometidos y esperamos que durante el primer semestre de este a\u00f1o ya est\u00e9\nhabilitado para el tr\u00e1nsito\u201d, dijo por su parte el Gobernador de la Provincia\nde \u00daltima Esperanza, junto don destacar el pr\u00f3ximo llamado a licitaci\u00f3n para\npavimentar otros 17 kil\u00f3metros.<\/p>\n\n\n\n<p>\u201cHay que destacar que el Ministerio de Obras P\u00fablicas est\u00e1 trabajando con\nhormig\u00f3n, con un espesor de 22 cent\u00edmetros, lo que va a asegurar la durabilidad\nen el tiempo y la calidad del trabajo. Como Gobernaci\u00f3n Provincial creemos que\nese es el camino, esa es la f\u00f3rmula, y debemos seguir trabajando para mejorar\nel estado de los caminos con hormig\u00f3n\u201d, a\u00f1adi\u00f3 Suazo.<\/p>\n\n\n\n<p>La autoridad provincial junto al Seremi Rendoll, entregaron en el lugar\notra importante noticia en materia de conectividad, informando que se iniciaron\nlos estudios de ingenier\u00eda para la pavimentaci\u00f3n de la Ruta Y-290 en la\nProvincia de \u00daltima Esperanza, sentida demanda de la comunidad y principalmente\ndel gremio tur\u00edstico &nbsp;y de transportistas\nde la localidad.&nbsp;&nbsp; &nbsp;&nbsp;&nbsp;&nbsp;<\/p>\n","protected":false},"excerpt":{"rendered":"<p>Una visita inspectiva a las obras de pavimentaci\u00f3n desde Cerro Castillo a Puente Las M\u00e1scaras, realizaron este jueves el Gobernador de la Provincia de la \u00daltima Esperanza Raul Suazo, Seremi&#8230; <a class=\"read-more\" href=\"https:\/\/www.radiopresidenteibanez.cl\/web\/anuncian-continuidad-de-pavimentacion-desde-cerro-castillo-hacia-el-parque-nacional-torres-del-paine\/\">Leer m\u00e1s<\/a><\/p>\n","protected":false},"author":2,"featured_media":9933,"comment_status":"closed","ping_status":"closed","sticky":false,"template":"","format":"standard","meta":{"footnotes":""},"categories":[1],"tags":[],"class_list":["post-9932","post","type-post","status-publish","format-standard","has-post-thumbnail","hentry","category-cronica"],"_links":{"self":[{"href":"https:\/\/www.radiopresidenteibanez.cl\/web\/wp-json\/wp\/v2\/posts\/9932","targetHints":{"allow":["GET"]}}],"collection":[{"href":"https:\/\/www.radiopresidenteibanez.cl\/web\/wp-json\/wp\/v2\/posts"}],"about":[{"href":"https:\/\/www.radiopresidenteibanez.cl\/web\/wp-json\/wp\/v2\/types\/post"}],"author":[{"embeddable":true,"href":"https:\/\/www.radiopresidenteibanez.cl\/web\/wp-json\/wp\/v2\/users\/2"}],"replies":[{"embeddable":true,"href":"https:\/\/www.radiopresidenteibanez.cl\/web\/wp-json\/wp\/v2\/comments?post=9932"}],"version-history":[{"count":0,"href":"https:\/\/www.radiopresidenteibanez.cl\/web\/wp-json\/wp\/v2\/posts\/9932\/revisions"}],"wp:featuredmedia":[{"embeddable":true,"href":"https:\/\/www.radiopresidenteibanez.cl\/web\/wp-json\/wp\/v2\/media\/9933"}],"wp:attachment":[{"href":"https:\/\/www.radiopresidenteibanez.cl\/web\/wp-json\/wp\/v2\/media?parent=9932"}],"wp:term":[{"taxonomy":"category","embeddable":true,"href":"https:\/\/www.radiopresidenteibanez.cl\/web\/wp-json\/wp\/v2\/categories?post=9932"},{"taxonomy":"post_tag","embeddable":true,"href":"https:\/\/www.radiopresidenteibanez.cl\/web\/wp-json\/wp\/v2\/tags?post=9932"}],"curies":[{"name":"wp","href":"https:\/\/api.w.org\/{rel}","templated":true}]}}