{"id":991,"date":"2019-02-01T15:02:37","date_gmt":"2019-02-01T15:02:37","guid":{"rendered":"http:\/\/www.radiopresidenteibanez.cl\/web\/?p=991"},"modified":"2019-02-01T15:02:50","modified_gmt":"2019-02-01T15:02:50","slug":"invitan-a-visita-guiada-al-humedal-tres-puentes-para-celebrar-el-dia-mundial-de-los-humedales-2","status":"publish","type":"post","link":"https:\/\/www.radiopresidenteibanez.cl\/web\/invitan-a-visita-guiada-al-humedal-tres-puentes-para-celebrar-el-dia-mundial-de-los-humedales-2\/","title":{"rendered":"INVITAN A VISITA GUIADA AL HUMEDAL TRES PUENTES PARA CELEBRAR EL D\u00cdA MUNDIAL DE LOS HUMEDALES"},"content":{"rendered":"\n<p>El s\u00e1bado 2 de\nfebrero se conmemora el D\u00eda Mundial de los Humedales, instancia en la que la\nSeremi del Medio Ambiente, Centro Bah\u00eda Lomas y Agrupaci\u00f3n Ecol\u00f3gica Patag\u00f3nica\nrealizar\u00e1n a las 11:00 hrs. una visita guiada al Humedal Tres Puentes.<\/p>\n\n\n\n<p>La efem\u00e9ride\nambiental se crea el 2 de febrero de 1971, fecha en la que se adopt\u00f3 la\nConvenci\u00f3n sobre los Humedales, e invita a crear conciencia sobre la forma en\nque los humedales contribuyen y entregan diversos servicios ecosist\u00e9micos.<\/p>\n\n\n\n<p>El Seremi\nEduardo Schiappacasse extendi\u00f3 la invitaci\u00f3n a toda la comunidad. \u201cInvitamos a\ntoda la comunidad para este s\u00e1bado 2 de febrero, d\u00eda en que se celebra el D\u00eda\nMundial de los Humedales, que justamente se acerquen al Humedal de Tres\nPuentes, porque realizaremos la premiaci\u00f3n de los participantes en el concurso\n\u201cYo protejo los Humedales\u201d y, posteriormente se realizar\u00e1 una visita guiada al\nHumedal Tres Puentes, donde podremos observar las distintas aves que visitan el\nlugar\u201d, indic\u00f3.<\/p>\n\n\n\n<p>En la jornada,\nvoluntarios de la Agrupaci\u00f3n Ecol\u00f3gica Patag\u00f3nica y profesionales del Centro\nBah\u00eda Lomas y Seremi del Medio Ambiente, estar\u00e1n con monoculares, binoculares y\ngu\u00edas de observaci\u00f3n de aves, orientando a los asistentes sobre las especies\nque visitan el lugar y difundiendo la importancia de estos ecosistemas. Se\nrecomienda asistir con ropa c\u00f3moda y abrigada, libreta y l\u00e1piz para registrar\nlas aves observadas y agua para hidratarse.<\/p>\n\n\n\n<p><strong>Concurso \u201cYo protejo los humedales\u201d<\/strong><\/p>\n\n\n\n<p>Durante el mes\nde enero se desarroll\u00f3 el concurso \u201cYo protejo los Humedales\u201d, iniciativa que\ninvitaba a ni\u00f1os, ni\u00f1as, j\u00f3venes y adultos a elaborar afiches e invitar a la\ncomunidad a cuidar los ecosistemas de la regi\u00f3n de Magallanes y de la Ant\u00e1rtica\nChilena. <\/p>\n\n\n\n<p>Llegaron m\u00e1s\nde 70 dibujos, los que fueron publicados en la cuenta de Facebook Seremi Medio\nAmbiente Magallanes y la comunidad pudo votar por el afiche m\u00e1s inspirador,\ndonde Isidora Esparza de 9 a\u00f1os logr\u00f3 327 \u201cMe Gusta\u201d. Adem\u00e1s, los afiches\nfueron revisados por un jurado experto, quienes destacaron los cuatro mejores\ntrabajos:<\/p>\n\n\n\n<p>1\u00b0 Lugar: Laura Cena Gam\u00edn, 12 a\u00f1os.<\/p>\n\n\n\n<p>2\u00b0 Lugar: Vicente Mercegu\u00e9, 11 a\u00f1os.<\/p>\n\n\n\n<p>3\u00b0 Lugar: Lioren Vargas, 12 a\u00f1os.<\/p>\n\n\n\n<p>4\u00b0 Lugar: Jorge Cartes, 8 a\u00f1os.<\/p>\n","protected":false},"excerpt":{"rendered":"<p>El s\u00e1bado 2 de febrero se conmemora el D\u00eda Mundial de los Humedales, instancia en la que la Seremi del Medio Ambiente, Centro Bah\u00eda Lomas y Agrupaci\u00f3n Ecol\u00f3gica Patag\u00f3nica realizar\u00e1n&#8230; <a class=\"read-more\" href=\"https:\/\/www.radiopresidenteibanez.cl\/web\/invitan-a-visita-guiada-al-humedal-tres-puentes-para-celebrar-el-dia-mundial-de-los-humedales-2\/\">Leer m\u00e1s<\/a><\/p>\n","protected":false},"author":2,"featured_media":992,"comment_status":"closed","ping_status":"closed","sticky":false,"template":"","format":"standard","meta":{"footnotes":""},"categories":[1],"tags":[],"class_list":["post-991","post","type-post","status-publish","format-standard","has-post-thumbnail","hentry","category-cronica"],"_links":{"self":[{"href":"https:\/\/www.radiopresidenteibanez.cl\/web\/wp-json\/wp\/v2\/posts\/991","targetHints":{"allow":["GET"]}}],"collection":[{"href":"https:\/\/www.radiopresidenteibanez.cl\/web\/wp-json\/wp\/v2\/posts"}],"about":[{"href":"https:\/\/www.radiopresidenteibanez.cl\/web\/wp-json\/wp\/v2\/types\/post"}],"author":[{"embeddable":true,"href":"https:\/\/www.radiopresidenteibanez.cl\/web\/wp-json\/wp\/v2\/users\/2"}],"replies":[{"embeddable":true,"href":"https:\/\/www.radiopresidenteibanez.cl\/web\/wp-json\/wp\/v2\/comments?post=991"}],"version-history":[{"count":0,"href":"https:\/\/www.radiopresidenteibanez.cl\/web\/wp-json\/wp\/v2\/posts\/991\/revisions"}],"wp:featuredmedia":[{"embeddable":true,"href":"https:\/\/www.radiopresidenteibanez.cl\/web\/wp-json\/wp\/v2\/media\/992"}],"wp:attachment":[{"href":"https:\/\/www.radiopresidenteibanez.cl\/web\/wp-json\/wp\/v2\/media?parent=991"}],"wp:term":[{"taxonomy":"category","embeddable":true,"href":"https:\/\/www.radiopresidenteibanez.cl\/web\/wp-json\/wp\/v2\/categories?post=991"},{"taxonomy":"post_tag","embeddable":true,"href":"https:\/\/www.radiopresidenteibanez.cl\/web\/wp-json\/wp\/v2\/tags?post=991"}],"curies":[{"name":"wp","href":"https:\/\/api.w.org\/{rel}","templated":true}]}}