{"id":9883,"date":"2020-02-26T16:18:02","date_gmt":"2020-02-26T16:18:02","guid":{"rendered":"https:\/\/www.radiopresidenteibanez.cl\/web\/?p=9883"},"modified":"2020-02-26T16:18:06","modified_gmt":"2020-02-26T16:18:06","slug":"el-proximo-6-7-y-8-de-marzo-verduras-frescas-sanas-e-inocuas-ponen-el-color-y-sabor-a-la-expogama-2020","status":"publish","type":"post","link":"https:\/\/www.radiopresidenteibanez.cl\/web\/el-proximo-6-7-y-8-de-marzo-verduras-frescas-sanas-e-inocuas-ponen-el-color-y-sabor-a-la-expogama-2020\/","title":{"rendered":"EL PR\u00d3XIMO 6, 7 Y 8 DE MARZO: VERDURAS FRESCAS, SANAS E INOCUAS PONEN EL COLOR Y SABOR A LA EXPOGAMA 2020"},"content":{"rendered":"\n<p>Todo lo que llevan lo venden. Esa es la m\u00e1xima de las agricultoras hoy en Punta Arenas. Y as\u00ed lo han demostrado en casi todas las feria a las que han sido invitadas.&nbsp;&nbsp;El pr\u00f3ximo 6, 7 y 8 de marzo esperan mantener la tradici\u00f3n y oxigenar con hortalizas frescas y reci\u00e9n cosechadas la versi\u00f3n N\u00b068 de la Expogama 2020.<\/p>\n\n\n\n<p>La actividad se desarrollar\u00e1 en las dependencias de la Asociaci\u00f3n Ganadera de Magallanes (Asogama), ubicada en Av Pdte. Mnuel Bulnes 0977, entre las 11 y las 19 horas.<\/p>\n\n\n\n<p>\u201cLa gente ya nos reconoce por calidad y sabe del beneficio de comer una verdura cosechada en el mismo d\u00eda.&nbsp;&nbsp;Tenemos todo listo para mantener un stock de productos durante toda la feria\u201d, asegur\u00f3 Patricia Delgado, Pdta. del Consejo Regional Asesor Campesino (CAR).<\/p>\n\n\n\n<p>Seg\u00fan la dirigenta, la fuerte inversi\u00f3n del convenio suscrito entre INDAP y el Gobierno Regional, ha permitido aumentar la producci\u00f3n agr\u00edcola y mejorar la calidad a trav\u00e9s de capacitaciones, giras t\u00e9cnicas y asesor\u00edas permanentes.<\/p>\n\n\n\n<p>\u201cHay un trabajo conjunto con los agricultores para mejorar los procesos productivos y dotar a la regi\u00f3n de una infraestructura de calidad que resista las dif\u00edciles condiciones clim\u00e1ticas.&nbsp;&nbsp;Y eso se nota. Le estamos cambiando el rostro a la agricultura regional, a\u00fan falta, pero el gobierno tiene la voluntad y las ganas de trabajar en conjunto, s\u00f3lo as\u00ed podemos crecer\u201d, valor\u00f3 Mirko Zec. director (S) INDAP.<\/p>\n\n\n\n<p>Respecto de la muestra ganadera, que es la esencia del evento, este a\u00f1o se considera la competencia de 15 planteles ovinos, con 283 animales y alrededor de seis planteles bovinos de las razas Angus y Hereford.<\/p>\n\n\n\n<p>Este a\u00f1o, la feria, adem\u00e1s. contar\u00e1 con zonas de juegos al aire libre, asado de cordero magall\u00e1nico, puestos de comida,&nbsp;food trucks, show folcl\u00f3rico, exposici\u00f3n canina y, por primera vez, una muestra de esquila r\u00e1pida, que es un circuito que se realiza entre Chile y Argentina.<\/p>\n","protected":false},"excerpt":{"rendered":"<p>Todo lo que llevan lo venden. Esa es la m\u00e1xima de las agricultoras hoy en Punta Arenas. Y as\u00ed lo han demostrado en casi todas las feria a las que&#8230; <a class=\"read-more\" href=\"https:\/\/www.radiopresidenteibanez.cl\/web\/el-proximo-6-7-y-8-de-marzo-verduras-frescas-sanas-e-inocuas-ponen-el-color-y-sabor-a-la-expogama-2020\/\">Leer m\u00e1s<\/a><\/p>\n","protected":false},"author":2,"featured_media":9884,"comment_status":"closed","ping_status":"closed","sticky":false,"template":"","format":"standard","meta":{"footnotes":""},"categories":[1],"tags":[],"class_list":["post-9883","post","type-post","status-publish","format-standard","has-post-thumbnail","hentry","category-cronica"],"_links":{"self":[{"href":"https:\/\/www.radiopresidenteibanez.cl\/web\/wp-json\/wp\/v2\/posts\/9883","targetHints":{"allow":["GET"]}}],"collection":[{"href":"https:\/\/www.radiopresidenteibanez.cl\/web\/wp-json\/wp\/v2\/posts"}],"about":[{"href":"https:\/\/www.radiopresidenteibanez.cl\/web\/wp-json\/wp\/v2\/types\/post"}],"author":[{"embeddable":true,"href":"https:\/\/www.radiopresidenteibanez.cl\/web\/wp-json\/wp\/v2\/users\/2"}],"replies":[{"embeddable":true,"href":"https:\/\/www.radiopresidenteibanez.cl\/web\/wp-json\/wp\/v2\/comments?post=9883"}],"version-history":[{"count":0,"href":"https:\/\/www.radiopresidenteibanez.cl\/web\/wp-json\/wp\/v2\/posts\/9883\/revisions"}],"wp:featuredmedia":[{"embeddable":true,"href":"https:\/\/www.radiopresidenteibanez.cl\/web\/wp-json\/wp\/v2\/media\/9884"}],"wp:attachment":[{"href":"https:\/\/www.radiopresidenteibanez.cl\/web\/wp-json\/wp\/v2\/media?parent=9883"}],"wp:term":[{"taxonomy":"category","embeddable":true,"href":"https:\/\/www.radiopresidenteibanez.cl\/web\/wp-json\/wp\/v2\/categories?post=9883"},{"taxonomy":"post_tag","embeddable":true,"href":"https:\/\/www.radiopresidenteibanez.cl\/web\/wp-json\/wp\/v2\/tags?post=9883"}],"curies":[{"name":"wp","href":"https:\/\/api.w.org\/{rel}","templated":true}]}}