{"id":988,"date":"2019-02-01T14:57:01","date_gmt":"2019-02-01T14:57:01","guid":{"rendered":"http:\/\/www.radiopresidenteibanez.cl\/web\/?p=988"},"modified":"2019-02-01T14:57:11","modified_gmt":"2019-02-01T14:57:11","slug":"as-de-oros-los-embajadores-magallanicos-en-el-rockodromo-2019","status":"publish","type":"post","link":"https:\/\/www.radiopresidenteibanez.cl\/web\/as-de-oros-los-embajadores-magallanicos-en-el-rockodromo-2019\/","title":{"rendered":"AS DE OROS, LOS EMBAJADORES MAGALL\u00c1NICOS EN EL ROCK\u00d3DROMO 2019"},"content":{"rendered":"\n<p>\u201cEl sue\u00f1o del\npibe, cuando uno se dedica al rock\u201d. As\u00ed resumi\u00f3 Carlos D\u00edaz, vocalista y\nguitarra de la banda \u201cAs de Oros\u201d, la participaci\u00f3n que el d\u00fao magall\u00e1nico tendr\u00e1\nen la d\u00e9cimo quinta edici\u00f3n del festival Rock\u00f3dromo.<\/p>\n\n\n\n<p>El\nbinomio\nrockero, que accedi\u00f3 al certamen que se efectuar\u00e1 entre este 31 de enero y 3 de febrero en la ciudad\nde Valpara\u00edso, luego de adjudicarse el cupo en el cierre del proceso\nformativo de Escuelas de Rock en Punta Arenas el a\u00f1o pasado, se presentar\u00e1 en\nel escenario de principal del parque Alejo Barrios del Puerto, este domingo, a\nlas 20.25 horas, luego\nde la actuaci\u00f3n de Inti Illimani y previo al cierre de la jornada, que estar\u00e1 a\ncargo de la agrupaci\u00f3n Santa Feria. <\/p>\n\n\n\n<p>\u201cEstamos s\u00faper contentos.\nPara nosotros es una tremenda oportunidad y gran vitrina para poder mostrar\nnuestra m\u00fasica y llegar a m\u00e1s gente. Adem\u00e1s, esperamos que esta actuaci\u00f3n sirva\npara situar a Punta Arenas y Magallanes, como un lugar donde tambi\u00e9n est\u00e1n\npasando hartas cosas en t\u00e9rminos musicales. Todos sabemos que hay muchas bandas\ny nosotros somos un poquito como emisarios de todo ese movimiento\u201d, coment\u00f3\nD\u00edaz, previo al estreno en el Rock\u00f3dromo, junto a Ariel Torres (baterista), el\nsegundo integrante de la banda, presente en la escena musical austral\ndesde el a\u00f1o 2013.<\/p>\n\n\n\n<p>\u201cAs\nde Oros\u201d, exponentes del rock y blues, se encuentra por estos d\u00edas en gira por la zona\ncentro sur del pa\u00eds. Santiago, Concepci\u00f3n y Chill\u00e1n fueron sus escales antes de\nllegar al Puerto, donde mostrar\u00e1 su trabajo adem\u00e1s en el centro de eventos El Huevo (Blanco\n1386, Valpara\u00edso), con entrada liberada, el s\u00e1bado 02 de febrero a las 02.00\nhoras. Este espacio tambi\u00e9n es propiciado por Rock\u00f3dromo.<\/p>\n\n\n\n<p>\u201cTambi\u00e9n\nansiosos de tocar en uno de los festivales de rock m\u00e1s importantes que se hacen\nen Chile. Para el curr\u00edculum de la banda es s\u00faper bueno y para nosotros como\nm\u00fasicos. As\u00ed es que, en realidad, desde donde se mire, son puras cosas\npositivas. De paso hay una gira en torno a esta participaci\u00f3n en el Rock\u00f3dromo\ny este \u00faltimo escenario ser\u00e1 como la guinda de la torta\u201d, agreg\u00f3 Carlos D\u00edaz.<\/p>\n\n\n\n<p>El festival del Rock\u00f3dromo,\nque organiza y produce el programa Escuelas de Rock y\nM\u00fasica Popular del Ministerio de las Culturas, las Artes y el Patrimonio,\ntendr\u00e1 como punto neur\u00e1lgico el cerro Playa Ancha (espec\u00edficamente al costado\ndel estadio El\u00edas Figueroa Brander), contar\u00e1 con la presencia de 64 elencos y\nartistas. Entre ellos: Rubio, Javiera Mena, Guachup\u00e9, Santaferia, Francisca\nValenzuela, \u00c1lvaro Henr\u00edquez, Dorso, Inti-Illimani, C\u00f3mo Asesinar a Felipes,\nFernando Milagros, Ni\u00f1os del Cerro, Adelaida, Los Cracks del Puerto, Camila\nMoreno y m\u00e1s. Ser\u00e1n, en total, cinco los escenarios con programaci\u00f3n musical en\nAlejo Barrios, el 2 y 3 de febrero: Guagu\u00f3dromo, Winnipeg, Andes, Pac\u00edfico y\nRock\u00f3dromo Industria. &nbsp;<\/p>\n\n\n\n<p>\u201cEstamos proyectando el trabajo\nde los m\u00fasicos magall\u00e1nicos e instal\u00e1ndolos en plataformas de difusi\u00f3n que, sin duda, son\nespacios de crecimiento y desarrollo. Esto es parte del trabajo de formaci\u00f3n y uno\nde los \u00e9nfasis del programa de gobierno del Presidente, Sebasti\u00e1n Pi\u00f1era, otorgar\nm\u00e1s y mejores oportunidades a los creadores y artistas en cada uno de los\nterritorios. Estamos muy contentos, porque As de Oros ser\u00e1 un gran embajador de\nMagallanes en esta nueva versi\u00f3n del Rock\u00f3dromo\u201d, se\u00f1al\u00f3 la Seremi de las Culturas,\nlas Artes y el Patrimonio, Katherine Ibacache.<\/p>\n\n\n\n<p>Rock\u00f3dromo,\nevento con entrada liberada, en su edici\u00f3n pasada reuni\u00f3 a cerca de 25 mil\npersonas y se efectu\u00f3 en tres escenarios funcionando en paralelo. Este a\u00f1o\ndispondr\u00e1 se podr\u00e1 seguir v\u00eda streaming en: <a href=\"http:\/\/WWW.ESCUELASDEROCK.CULTURA.GOB.CL\"><strong>www.escuelasderock.cultura.gob.cl<\/strong><\/a><\/p>\n","protected":false},"excerpt":{"rendered":"<p>\u201cEl sue\u00f1o del pibe, cuando uno se dedica al rock\u201d. As\u00ed resumi\u00f3 Carlos D\u00edaz, vocalista y guitarra de la banda \u201cAs de Oros\u201d, la participaci\u00f3n que el d\u00fao magall\u00e1nico tendr\u00e1&#8230; <a class=\"read-more\" href=\"https:\/\/www.radiopresidenteibanez.cl\/web\/as-de-oros-los-embajadores-magallanicos-en-el-rockodromo-2019\/\">Leer m\u00e1s<\/a><\/p>\n","protected":false},"author":2,"featured_media":989,"comment_status":"closed","ping_status":"closed","sticky":false,"template":"","format":"standard","meta":{"footnotes":""},"categories":[1],"tags":[],"class_list":["post-988","post","type-post","status-publish","format-standard","has-post-thumbnail","hentry","category-cronica"],"_links":{"self":[{"href":"https:\/\/www.radiopresidenteibanez.cl\/web\/wp-json\/wp\/v2\/posts\/988","targetHints":{"allow":["GET"]}}],"collection":[{"href":"https:\/\/www.radiopresidenteibanez.cl\/web\/wp-json\/wp\/v2\/posts"}],"about":[{"href":"https:\/\/www.radiopresidenteibanez.cl\/web\/wp-json\/wp\/v2\/types\/post"}],"author":[{"embeddable":true,"href":"https:\/\/www.radiopresidenteibanez.cl\/web\/wp-json\/wp\/v2\/users\/2"}],"replies":[{"embeddable":true,"href":"https:\/\/www.radiopresidenteibanez.cl\/web\/wp-json\/wp\/v2\/comments?post=988"}],"version-history":[{"count":0,"href":"https:\/\/www.radiopresidenteibanez.cl\/web\/wp-json\/wp\/v2\/posts\/988\/revisions"}],"wp:featuredmedia":[{"embeddable":true,"href":"https:\/\/www.radiopresidenteibanez.cl\/web\/wp-json\/wp\/v2\/media\/989"}],"wp:attachment":[{"href":"https:\/\/www.radiopresidenteibanez.cl\/web\/wp-json\/wp\/v2\/media?parent=988"}],"wp:term":[{"taxonomy":"category","embeddable":true,"href":"https:\/\/www.radiopresidenteibanez.cl\/web\/wp-json\/wp\/v2\/categories?post=988"},{"taxonomy":"post_tag","embeddable":true,"href":"https:\/\/www.radiopresidenteibanez.cl\/web\/wp-json\/wp\/v2\/tags?post=988"}],"curies":[{"name":"wp","href":"https:\/\/api.w.org\/{rel}","templated":true}]}}