{"id":9874,"date":"2020-02-25T19:42:12","date_gmt":"2020-02-25T19:42:12","guid":{"rendered":"https:\/\/www.radiopresidenteibanez.cl\/web\/?p=9874"},"modified":"2020-02-25T19:42:16","modified_gmt":"2020-02-25T19:42:16","slug":"autoridades-dieron-a-conocer-medidas-de-transito-en-calle-magallanes-por-inicio-de-ano-escolar","status":"publish","type":"post","link":"https:\/\/www.radiopresidenteibanez.cl\/web\/autoridades-dieron-a-conocer-medidas-de-transito-en-calle-magallanes-por-inicio-de-ano-escolar\/","title":{"rendered":"AUTORIDADES DIERON A CONOCER MEDIDAS DE TR\u00c1NSITO EN CALLE MAGALLANES POR INICIO DE A\u00d1O ESCOLAR"},"content":{"rendered":"\n<p>Durante un punto de prensa efectuado la ma\u00f1ana de este martes, el&nbsp;<strong>director regional del Serviu,<\/strong>&nbsp;<strong>Dubalio P\u00e9rez<\/strong>, se\u00f1al\u00f3 que&nbsp;<strong>este proyecto cuenta con inversi\u00f3n del Fondo Nacional de Desarrollo Regional, superior a los 1.185 millones de pesos, para el mejoramiento de calles 21 de mayo y Magallanes, desde Balmaceda a Avenida Col\u00f3n, con un t\u00e9rmino de obras programado para mayo de este a\u00f1o.<\/strong><\/p>\n\n\n\n<p>Respecto a los trabajos, indic\u00f3 que el 2 de marzo&nbsp;<strong>\u201cestar\u00e1 finalizado el cuello de calzada en el sector de Jos\u00e9 Men\u00e9ndez con Magallanes, lo que facilitar\u00e1 el flujo continuo de los veh\u00edculos que bajan de cerro a playa\u201d.<\/strong><\/p>\n\n\n\n<p><strong>\u201cSe mantiene el cierre de calle frente al Instituto Superior de Comercio por lo que el desv\u00edo de la locomoci\u00f3n colectiva se extender\u00e1 por todo marzo\u201d<\/strong>, destac\u00f3 por su parte el&nbsp;<strong>Seremi de Transportes y Telecomunicaciones Marco Mella<\/strong>, informando que se volver\u00e1n a habilitar los paraderos en calle 21 de Mayo de manera diferida: buses en el tramo Independencia-Balmaceda, taxis colectivos en el tramo Balmaceda-Err\u00e1zuriz, buses en la cuadra entre Err\u00e1zuriz y calle Roca y taxis colectivos entre Roca y Pedro Montt.<\/p>\n\n\n\n<p>Agreg\u00f3 que se mantienen las paradas mixtas habilitadas en calle Jos\u00e9 Men\u00e9ndez y la restricci\u00f3n de uso s\u00f3lo para transporte p\u00fablico mayor y menor,&nbsp;<strong>\u201ccon el objetivo de hacer m\u00e1s expedita la circulaci\u00f3n de estos veh\u00edculos por calle 21 de Mayo y Magallanes\u201d<\/strong>, puntualiz\u00f3.<\/p>\n\n\n\n<p><strong>Las autoridades llamaron a la comunidad a respetar estas medidas de resguardo, que contar\u00e1n con la vigilancia de Carabineros, la Municipalidad y la Seremi de Transportes, para su cumplimiento.<\/strong><\/p>\n\n\n\n<p><strong>Descripci\u00f3n de faenas<\/strong><\/p>\n\n\n\n<p>En el marco de este importante proyecto de mejoramiento urbano, impulsado por el Ministerio de Vivienda y Urbanismo, a la fecha se confeccion\u00f3 la totalidad del hormig\u00f3n de calzadas desde Balmaceda a Roca. Se trabaja en la construcci\u00f3n de tramos de aceras en intersecciones de calles y bordes peatonales a un costado de las soleras en tramo de 21 de mayo entre Balmaceda y Julio Roca. Tambi\u00e9n de la calzada oriente en tramo Plaza a Jos\u00e9 Men\u00e9ndez. Contin\u00faa, adem\u00e1s, la instalaci\u00f3n de ductos de semaforizaci\u00f3n en diversos sectores y obras de iluminaci\u00f3n ornamental que incluyen la instalaci\u00f3n de faroles en toda la extensi\u00f3n del proyecto.<\/p>\n\n\n\n<p>Se realizan faenas de instalaci\u00f3n de ductos y montaje de c\u00e1maras prefabricadas correspondientes a proyecto de soterrado el\u00e9ctrico y de corrientes d\u00e9biles (telefon\u00eda y tv cable) en sector de Magallanes, entre calle Jos\u00e9 Men\u00e9ndez y Avenida Col\u00f3n, los que en su conjunto suman 8 mil metros lineales de tuber\u00edas, actividad que por su magnitud incide directamente en el avance de la obra. Paralelo a esto, se confeccionan b\u00f3vedas para la futura instalaci\u00f3n de equipos el\u00e9ctricos en sector de calle Magallanes esquina Jos\u00e9 Men\u00e9ndez.<\/p>\n","protected":false},"excerpt":{"rendered":"<p>Durante un punto de prensa efectuado la ma\u00f1ana de este martes, el&nbsp;director regional del Serviu,&nbsp;Dubalio P\u00e9rez, se\u00f1al\u00f3 que&nbsp;este proyecto cuenta con inversi\u00f3n del Fondo Nacional de Desarrollo Regional, superior a&#8230; <a class=\"read-more\" href=\"https:\/\/www.radiopresidenteibanez.cl\/web\/autoridades-dieron-a-conocer-medidas-de-transito-en-calle-magallanes-por-inicio-de-ano-escolar\/\">Leer m\u00e1s<\/a><\/p>\n","protected":false},"author":2,"featured_media":9875,"comment_status":"closed","ping_status":"closed","sticky":false,"template":"","format":"standard","meta":{"footnotes":""},"categories":[1],"tags":[],"class_list":["post-9874","post","type-post","status-publish","format-standard","has-post-thumbnail","hentry","category-cronica"],"_links":{"self":[{"href":"https:\/\/www.radiopresidenteibanez.cl\/web\/wp-json\/wp\/v2\/posts\/9874","targetHints":{"allow":["GET"]}}],"collection":[{"href":"https:\/\/www.radiopresidenteibanez.cl\/web\/wp-json\/wp\/v2\/posts"}],"about":[{"href":"https:\/\/www.radiopresidenteibanez.cl\/web\/wp-json\/wp\/v2\/types\/post"}],"author":[{"embeddable":true,"href":"https:\/\/www.radiopresidenteibanez.cl\/web\/wp-json\/wp\/v2\/users\/2"}],"replies":[{"embeddable":true,"href":"https:\/\/www.radiopresidenteibanez.cl\/web\/wp-json\/wp\/v2\/comments?post=9874"}],"version-history":[{"count":0,"href":"https:\/\/www.radiopresidenteibanez.cl\/web\/wp-json\/wp\/v2\/posts\/9874\/revisions"}],"wp:featuredmedia":[{"embeddable":true,"href":"https:\/\/www.radiopresidenteibanez.cl\/web\/wp-json\/wp\/v2\/media\/9875"}],"wp:attachment":[{"href":"https:\/\/www.radiopresidenteibanez.cl\/web\/wp-json\/wp\/v2\/media?parent=9874"}],"wp:term":[{"taxonomy":"category","embeddable":true,"href":"https:\/\/www.radiopresidenteibanez.cl\/web\/wp-json\/wp\/v2\/categories?post=9874"},{"taxonomy":"post_tag","embeddable":true,"href":"https:\/\/www.radiopresidenteibanez.cl\/web\/wp-json\/wp\/v2\/tags?post=9874"}],"curies":[{"name":"wp","href":"https:\/\/api.w.org\/{rel}","templated":true}]}}