{"id":9870,"date":"2020-02-25T19:05:57","date_gmt":"2020-02-25T19:05:57","guid":{"rendered":"https:\/\/www.radiopresidenteibanez.cl\/web\/?p=9870"},"modified":"2020-02-25T19:06:02","modified_gmt":"2020-02-25T19:06:02","slug":"anef-magallanes-rechaza-criminalizacion-del-derecho-a-la-manifestacion-y-afirma-que-querella-contra-funcionario-publico-es-improcedente","status":"publish","type":"post","link":"https:\/\/www.radiopresidenteibanez.cl\/web\/anef-magallanes-rechaza-criminalizacion-del-derecho-a-la-manifestacion-y-afirma-que-querella-contra-funcionario-publico-es-improcedente\/","title":{"rendered":"ANEF MAGALLANES RECHAZA CRIMINALIZACI\u00d3N DEL DERECHO A LA MANIFESTACI\u00d3N Y AFIRMA QUE QUERELLA CONTRA FUNCIONARIO P\u00daBLICO ES IMPROCEDENTE."},"content":{"rendered":"\n<p>La Asociaci\u00f3n Regional manifiesta\nsu profundo rechazo y malestar, ante la decisi\u00f3n adoptada por&nbsp; la autoridad regional, dado que lo denunciado\npor el intendente en los medios de comunicaci\u00f3n, no corresponde a la realidad\nde los hechos.<\/p>\n\n\n\n<p>El lunes el intendente de la\nregi\u00f3n de Magallanes y la Ant\u00e1rtica Chilena, Jos\u00e9 Fern\u00e1ndez D\u00fcbrock, emprendi\u00f3\nuna acci\u00f3n judicial, en contra de un funcionario p\u00fablico que desempe\u00f1a labores\nen la Unidad de Vialidad, entidad dependiente de la Secretar\u00eda Regional\nMinisterial del Ministerio de Obras P\u00fablicas, por haber generado supuestos\nda\u00f1os al edificio de la intendencia, en noviembre del a\u00f1o pasado durante una\nmanifestaci\u00f3n.<\/p>\n\n\n\n<p>Ante este escenario, la\nAsociaci\u00f3n Regional de Empleados&nbsp;\nFiscales (Anef Magallanes) declara&nbsp;\nque lo denunciado, no se corresponde con la realidad de los hechos\nacaecidos, por tanto, se trata de una acci\u00f3n desproporcionada y carente de\nfundamento. <\/p>\n\n\n\n<p>Como Asociaci\u00f3n hemos dado\nnuestro pleno respaldo al funcionario afectado, con quien solidarizamos y\nreivindicamos, dado lo desmedido de esta acci\u00f3n por parte de la primera\nautoridad, que viene a cumplir con directrices emanadas del poder central, sin\nrealizar el an\u00e1lisis pertinente a la realidad y al momento hist\u00f3rico que est\u00e1\nviviendo la regi\u00f3n y el pa\u00eds.<\/p>\n\n\n\n<p>Leg\u00edtimamente nos preguntamos,\npor qu\u00e9 la intendencia se encontraba cerrada, en un horario que debe estar abierta\na la comunidad, considerando adem\u00e1s que quienes se estaban manifestando en el\nfrontis y que luego ingresaron a entregar dos cartas, eran fundamentalmente\nasociaciones sindicales del sector p\u00fablico, y no una \u201dturba\u201d como ha indicado\nel Intendente a los medios de comunicaci\u00f3n.<\/p>\n\n\n\n<p>Precisamente, los\/as\nfuncionarios\/as p\u00fablicos\/as, representados en Anef, tras el estallido social\ndel 18 de octubre, nos hemos sumado desde el d\u00eda uno, a las demandas y\nmanifestaciones de toda la ciudadan\u00eda, que clama por un Chile m\u00e1s justo y\ndigno. Somos los mismos que en varias ocasiones, ingresamos a la intendencia,\ncon la libertad que debe tener cualquier ciudadano, de entrar a un lugar que\ndebe acoger y responder a la comunidad y con mayor raz\u00f3n, en momentos en que la\nciudadan\u00eda exige respuestas y quiere soluciones. <\/p>\n\n\n\n<p>Quisi\u00e9ramos ver el mismo rigor y\ndisposici\u00f3n por parte de la autoridad, para presentar querellas frente a las\nviolaciones a los derechos humanos que se han registrado en la ciudad y no\n\u00fanicamente contra los bienes materiales.<\/p>\n\n\n\n<p><strong>La historia juzgar\u00e1 al\nIntendente Fern\u00e1ndez, como un funcionario al servicio de la criminalizaci\u00f3n de\nla protesta social, de una administraci\u00f3n que no posee legitimidad para\ngobernar y que el 26 de abril pr\u00f3ximo, conocer\u00e1 el poder que tiene el pueblo.<\/strong><\/p>\n","protected":false},"excerpt":{"rendered":"<p>La Asociaci\u00f3n Regional manifiesta su profundo rechazo y malestar, ante la decisi\u00f3n adoptada por&nbsp; la autoridad regional, dado que lo denunciado por el intendente en los medios de comunicaci\u00f3n, no&#8230; <a class=\"read-more\" href=\"https:\/\/www.radiopresidenteibanez.cl\/web\/anef-magallanes-rechaza-criminalizacion-del-derecho-a-la-manifestacion-y-afirma-que-querella-contra-funcionario-publico-es-improcedente\/\">Leer m\u00e1s<\/a><\/p>\n","protected":false},"author":2,"featured_media":9871,"comment_status":"closed","ping_status":"closed","sticky":false,"template":"","format":"standard","meta":{"footnotes":""},"categories":[1],"tags":[],"class_list":["post-9870","post","type-post","status-publish","format-standard","has-post-thumbnail","hentry","category-cronica"],"_links":{"self":[{"href":"https:\/\/www.radiopresidenteibanez.cl\/web\/wp-json\/wp\/v2\/posts\/9870","targetHints":{"allow":["GET"]}}],"collection":[{"href":"https:\/\/www.radiopresidenteibanez.cl\/web\/wp-json\/wp\/v2\/posts"}],"about":[{"href":"https:\/\/www.radiopresidenteibanez.cl\/web\/wp-json\/wp\/v2\/types\/post"}],"author":[{"embeddable":true,"href":"https:\/\/www.radiopresidenteibanez.cl\/web\/wp-json\/wp\/v2\/users\/2"}],"replies":[{"embeddable":true,"href":"https:\/\/www.radiopresidenteibanez.cl\/web\/wp-json\/wp\/v2\/comments?post=9870"}],"version-history":[{"count":0,"href":"https:\/\/www.radiopresidenteibanez.cl\/web\/wp-json\/wp\/v2\/posts\/9870\/revisions"}],"wp:featuredmedia":[{"embeddable":true,"href":"https:\/\/www.radiopresidenteibanez.cl\/web\/wp-json\/wp\/v2\/media\/9871"}],"wp:attachment":[{"href":"https:\/\/www.radiopresidenteibanez.cl\/web\/wp-json\/wp\/v2\/media?parent=9870"}],"wp:term":[{"taxonomy":"category","embeddable":true,"href":"https:\/\/www.radiopresidenteibanez.cl\/web\/wp-json\/wp\/v2\/categories?post=9870"},{"taxonomy":"post_tag","embeddable":true,"href":"https:\/\/www.radiopresidenteibanez.cl\/web\/wp-json\/wp\/v2\/tags?post=9870"}],"curies":[{"name":"wp","href":"https:\/\/api.w.org\/{rel}","templated":true}]}}