{"id":9867,"date":"2020-02-25T19:04:31","date_gmt":"2020-02-25T19:04:31","guid":{"rendered":"https:\/\/www.radiopresidenteibanez.cl\/web\/?p=9867"},"modified":"2020-02-25T19:04:36","modified_gmt":"2020-02-25T19:04:36","slug":"seremi-lil-garces-destaca-promulgacion-de-modernizacion-tributaria-que-impulsa-el-crecimiento-economico-busca-establecer-mayor-equidad-fomento-de-la-inversion-y-beneficio-directo-para-los-adultos-ma","status":"publish","type":"post","link":"https:\/\/www.radiopresidenteibanez.cl\/web\/seremi-lil-garces-destaca-promulgacion-de-modernizacion-tributaria-que-impulsa-el-crecimiento-economico-busca-establecer-mayor-equidad-fomento-de-la-inversion-y-beneficio-directo-para-los-adultos-ma\/","title":{"rendered":"SEREMI LIL GARC\u00c9S DESTACA PROMULGACI\u00d3N DE MODERNIZACI\u00d3N TRIBUTARIA QUE IMPULSA EL CRECIMIENTO ECON\u00d3MICO, BUSCA ESTABLECER MAYOR EQUIDAD, FOMENTO DE LA INVERSI\u00d3N Y BENEFICIO DIRECTO PARA LOS ADULTOS MAYORES Y PYMES"},"content":{"rendered":"\n<p>La Modernizaci\u00f3n Tributaria proyecta una mayor recaudaci\u00f3n de\nUS$2.200 millones, que equivale aproximadamente a un 0,6% del PIB. Estas\nmedidas permitir\u00e1n aumentar la recaudaci\u00f3n, requiriendo el aporte de los\nchilenos de mayores ingresos. <\/p>\n\n\n\n<p>Se Simplifica el sistema de tributaci\u00f3n con un \u00fanico sistema semi\nintegrado para las grandes empresas con una tasa impositiva del 27%. En este\nsistema, los propietarios de la empresa tributan con impuestos finales al\nmomento de realizar un retiro o recibir una distribuci\u00f3n de utilidades. El\nimpuesto de primera categor\u00eda de 27% ser\u00e1 deducible parcialmente del impuesto\nfinal que pagan los propietarios de las empresas, los que llegar\u00e1n a una carga\ntributaria de hasta 44,45%.<\/p>\n\n\n\n<p>Por su parte el regreso del Sistema Integrado para las Pymes\npermitir\u00e1 retomar el principio de equidad horizontal, que en palabras simples\nestablece que, a un mismo ingreso, una misma carga tributaria. <\/p>\n\n\n\n<p>Adem\u00e1s, se establece una tasa reducida de impuesto de primera\ncategor\u00eda de 25% y que aplicar\u00e1 de forma autom\u00e1tica para las empresas con un\npromedio anual de ingresos en los \u00faltimos tres a\u00f1os que no exceda las 75.000\nUF. Sumado al acceso autom\u00e1tico a los beneficios del r\u00e9gimen Pro-Pyme, con ello,\npodr\u00e1n realizar tributaci\u00f3n en base a caja, depreciaci\u00f3n instant\u00e1nea y poder\noptar por contabilidad simplificada o completa.<\/p>\n\n\n\n<p>En relevante destacar que La ley exime del pago de contribuciones\nde bienes ra\u00edces a adultos mayores si su ingreso equivale a $650 mil mensuales\ny reduce las contribuciones en 50% si los ingresos equivalen a un monto de $1,5\nmillones mensuales. Se ampl\u00eda de $75 millones a $128 millones el tope del\naval\u00fao fiscal del inmueble del adulto mayor que puede acogerse a este beneficio\ny, si el adulto mayor tiene m\u00e1s de un inmueble, se aumenta el tope de la suma\nde ellos de $100 millones a $171 millones. <\/p>\n\n\n\n<p>Como incentivo a la inversi\u00f3n la ley incorpora medidas que\nincluyen un r\u00e9gimen de depreciaci\u00f3n instant\u00e1nea de 50% del valor de los activos\nfijos nuevos o importados, adquiridos entre el 1 de octubre de 2019 y el 31 de\ndiciembre de 2021, y el 50% restante en forma acelerada.<\/p>\n\n\n\n<p>A ello se suma una extensi\u00f3n hasta 2035 de los beneficios a zonas\nextremas que expiraban en 2025.<\/p>\n\n\n\n<p>Se crea la Defensor\u00eda del Contribuyente (DEDECON), que tendr\u00e1 el\ndeber de velar por la protecci\u00f3n y resguardo de los derechos del contribuyente,\nen especial las pymes y las personas m\u00e1s vulnerables, pudiendo representar a\nestos contribuyentes ante el Servicio de Impuestos Internos (SII), orientarlos,\nmediar en los conflictos con el SII, emitir opiniones t\u00e9cnicas dentro de su\ncompetencia y realizar estudios para sus fines.<\/p>\n\n\n\n<p>La seremi Garc\u00e9s enfatiz\u00f3 Los principales focos de modernizaci\u00f3n\ntributaria permitir\u00e1n fortalecer la hoja de ruta en materia econ\u00f3mica, considerando\nque hoy m\u00e1s que nunca, nuestro pa\u00eds requiere de una econom\u00eda s\u00f3lida, que sea\nsensible y otorgue respuesta a las principales demandas y necesidades de la ciudadan\u00eda.\nLos acuerdos y el uso eficiente de los recursos, nos permitir\u00e1 seguir\nprogresando y generar pol\u00edticas p\u00fablicas que apunten realmente a mejorar la\ncalidad de vida de todos los chilenos\u201d<\/p>\n","protected":false},"excerpt":{"rendered":"<p>La Modernizaci\u00f3n Tributaria proyecta una mayor recaudaci\u00f3n de US$2.200 millones, que equivale aproximadamente a un 0,6% del PIB. Estas medidas permitir\u00e1n aumentar la recaudaci\u00f3n, requiriendo el aporte de los chilenos&#8230; <a class=\"read-more\" href=\"https:\/\/www.radiopresidenteibanez.cl\/web\/seremi-lil-garces-destaca-promulgacion-de-modernizacion-tributaria-que-impulsa-el-crecimiento-economico-busca-establecer-mayor-equidad-fomento-de-la-inversion-y-beneficio-directo-para-los-adultos-ma\/\">Leer m\u00e1s<\/a><\/p>\n","protected":false},"author":2,"featured_media":9868,"comment_status":"closed","ping_status":"closed","sticky":false,"template":"","format":"standard","meta":{"footnotes":""},"categories":[1],"tags":[],"class_list":["post-9867","post","type-post","status-publish","format-standard","has-post-thumbnail","hentry","category-cronica"],"_links":{"self":[{"href":"https:\/\/www.radiopresidenteibanez.cl\/web\/wp-json\/wp\/v2\/posts\/9867","targetHints":{"allow":["GET"]}}],"collection":[{"href":"https:\/\/www.radiopresidenteibanez.cl\/web\/wp-json\/wp\/v2\/posts"}],"about":[{"href":"https:\/\/www.radiopresidenteibanez.cl\/web\/wp-json\/wp\/v2\/types\/post"}],"author":[{"embeddable":true,"href":"https:\/\/www.radiopresidenteibanez.cl\/web\/wp-json\/wp\/v2\/users\/2"}],"replies":[{"embeddable":true,"href":"https:\/\/www.radiopresidenteibanez.cl\/web\/wp-json\/wp\/v2\/comments?post=9867"}],"version-history":[{"count":0,"href":"https:\/\/www.radiopresidenteibanez.cl\/web\/wp-json\/wp\/v2\/posts\/9867\/revisions"}],"wp:featuredmedia":[{"embeddable":true,"href":"https:\/\/www.radiopresidenteibanez.cl\/web\/wp-json\/wp\/v2\/media\/9868"}],"wp:attachment":[{"href":"https:\/\/www.radiopresidenteibanez.cl\/web\/wp-json\/wp\/v2\/media?parent=9867"}],"wp:term":[{"taxonomy":"category","embeddable":true,"href":"https:\/\/www.radiopresidenteibanez.cl\/web\/wp-json\/wp\/v2\/categories?post=9867"},{"taxonomy":"post_tag","embeddable":true,"href":"https:\/\/www.radiopresidenteibanez.cl\/web\/wp-json\/wp\/v2\/tags?post=9867"}],"curies":[{"name":"wp","href":"https:\/\/api.w.org\/{rel}","templated":true}]}}