{"id":9860,"date":"2020-02-24T17:44:54","date_gmt":"2020-02-24T17:44:54","guid":{"rendered":"https:\/\/www.radiopresidenteibanez.cl\/web\/?p=9860"},"modified":"2020-02-24T17:44:58","modified_gmt":"2020-02-24T17:44:58","slug":"un-destino-comun-por-ernesto-sepulveda","status":"publish","type":"post","link":"https:\/\/www.radiopresidenteibanez.cl\/web\/un-destino-comun-por-ernesto-sepulveda\/","title":{"rendered":"UN DESTINO COM\u00daN por ERNESTO SEPULVEDA"},"content":{"rendered":"\n<p>Antes de que se cumpliera\nsiquiera un mes, desde el revent\u00f3n social, ya hab\u00eda ilustres intelectuales\nchilenos que hab\u00edan publicado libros sobre el fen\u00f3meno. As\u00ed de r\u00e1pido se han\nhecho los an\u00e1lisis y sacado las conclusiones. Lo cierto es que todos saben, o\nhan acordado saber, que el 18 de octubre de 2019, cay\u00f3 la gota que rebals\u00f3 el\nvaso. Todos saben cuando empez\u00f3 esta escalada de movilizaciones, pero nadie\nsabe cuando terminar\u00e1n.<\/p>\n\n\n\n<p>Lo que fue pac\u00edfico o casi\npac\u00edfico al comienzo, que fue masivo, festivo a ratos, fue dejando paso a\nescenas de pillaje, vandalismo y destrucci\u00f3n pocas veces vistas en Chile. El\nlistado de demandas sociales encabezado por pensiones, salud y salarios, dio\npaso a un listado mas amplio, variopinto, diverso. De pronto se pasaba cuenta\nde todos los pendientes de la eterna transici\u00f3n a la democracia. De la\nincapacidad del gobierno para controlar el orden p\u00fablico, pasamos a la conducta\npusil\u00e1nime de la clase pol\u00edtica, que desbordada totalmente, trataba de sumarse\na la ola de demandas sociales. Personajes que han protagonizado la pol\u00edtica del\npa\u00eds, los \u00faltimos 30 a\u00f1os, figuraron rasgando vestiduras, con caras\ncompungidas, hablando sobre la desigualdad.<\/p>\n\n\n\n<p>Tanta hipocres\u00eda no les ha\ndado r\u00e9dito alguno. Forzados por las circunstancias, de una asonada callejera\nque amenazaba la estabilidad del gobierno y de las instituciones, tuvieron que\nsuscribir un pacto para llegar a un plebiscito en abril de este a\u00f1o. Obligados\npor el descr\u00e9dito mas absoluto, los parlamentarios debieron aprobar leyes que\nreducen sus cuantiosas dietas, y otra que fija un l\u00edmite a la reelecci\u00f3n. Ambos\nproyectos fueron aprobados, en medio de aplausos de los\nmismos&nbsp;parlamentarios, pero a\u00fan falta su ratificaci\u00f3n en la sala del\nSenado. Si efectivamemte se transforma en ley el l\u00edmite a la re elecci\u00f3n,\npol\u00edticos muy conocidos&nbsp;&nbsp;dir\u00edan&nbsp;&nbsp;adi\u00f3s al Congreso. S\u00f3lo a\nt\u00edtulo ejemplar, estar\u00edan despidi\u00e9ndose del senado, en 2022:&nbsp;&nbsp;Juan\nPablo Letelier,&nbsp;&nbsp;Gido Girardi,&nbsp;&nbsp;Andres Allamand,&nbsp;&nbsp;Carlos Bianchi,\nAlejandro Navarro, Jorge Pizarro, V\u00edctor P\u00e9rez.<\/p>\n\n\n\n<p>Se avizoran presiones de los afectados para dilatar su\ndeceso parlamentario, pero se espera que la opini\u00f3n p\u00fablica est\u00e9 muy pendiente\nde esta materia.<\/p>\n\n\n\n<p>Vamos para los 4 meses de movilizaciones, en las\nciudades m\u00e1s grandes del pa\u00eds, se ha convertido pr\u00e1cticamente&nbsp;&nbsp;un\nh\u00e1bito. El deterioro del espacio p\u00fablico en estas ciudades, salta a la vista,\ncon s\u00f3lo recorrer las calles del centro. Ciudades tranquilas y bien mantenidas,\ncomo las del sur austral, tampoco se han librado de vandalismo, de la\ndestrucci\u00f3n, incendios, rayados con insultos y obscenidades.<\/p>\n\n\n\n<p>Quienes hicieron de la pol\u00edtica un oficio, quienes se\nhicieron fuertes y poderosos en ella, ahora callan. Las voces sensatas que\nantes llamaban a la moderaci\u00f3n, que llamaban al encuentro entre ciudadanos,\nentre compatriotas, entre hermanos, hoy callan. Se teme a la respuesta violenta\nde quienes medran en las redes sociales. Esta actitud de cobard\u00eda, cuando no de\ncomplicidad interesada, la hemos visto en todo el espectro pol\u00edtico. Es la\nglorificaci\u00f3n de la protesta violenta, se rinden loas y alabanzas al que oculto\nen el anonimato de la multitud, quiebra los vidrios de museos o profana tumbas.<\/p>\n\n\n\n<p>Nadie se arriesga a decir lo que el grupo m\u00e1s radical\nno quiere o\u00edr. Mientras 8 millones de chilenos contin\u00faan yendo todos los d\u00edas a\nsus trabajos. Llegando como pueden por la destrucci\u00f3n de paraderos, y\nestaciones de metro. Ellos, los sujetos cuya vida sacrificada, y llena de\nprivaciones, ha sido la justificaci\u00f3n del estallido social, han visto afectada\nsu ya dif\u00edcil existencia. En las grandes ciudades la vandalizaci\u00f3n de\nsupermercados, de peque\u00f1os comercios, de farmacias, de oficinas, ha significado\nla p\u00e9rdida de empleos, pero tambi\u00e9n el deterioro de los barrios. La destrucci\u00f3n\nde luminarias, de sem\u00e1foros y de c\u00e1maras de seguridad, y rayados e insultos en\nlas fachadas de modestas casas particulares, afecta la vida misma de quienes\ndebieran ser la principal preocupaci\u00f3n, en el nuevo Chile.<\/p>\n\n\n\n<p>Existe una lecci\u00f3n que aprender ac\u00e1. No existe ning\u00fan atajo\npara lograr el desarrollo econ\u00f3mico. No existe ninguna posibilidad de construir\nuna sociedad prospera e inclusiva, sin crecimiento econ\u00f3mico. No se logra el\ncrecimiento econ\u00f3mico, sin orden p\u00fablico y estabilidad en las instituciones.<\/p>\n\n\n\n<p>Estamos como pa\u00eds en un punto de inflexi\u00f3n, lo que los\neconomistas llaman \u201cla trampa de los pa\u00edses de ingresos medios\u201d. Para salir de\neste bache, y poder saltar al desarrollo, se requiere de un gran acuerdo, de un\ngran consenso social y pol\u00edtico. Esa es ni m\u00e1s ni menos, la oportunidad que\ntenemos por delante. La posibilidad de acordar las condiciones en que nos\ndesarrollaremos como pa\u00eds. La discusi\u00f3n constituyente, no es un mero ejercicio\npara abogados o juristas, es la oportunidad de que fijemos el rumbo, que\nmiremos por primera vez en nuestra historia republicana, a Chile, como un\nespacio que construimos todos juntos.<\/p>\n\n\n\n<p>Y todos juntos, significa el encuentro con quienes\npiensan distinto a nosotros, un encuentro que requiere paz, requiere orden\np\u00fablico y requiere instituciones funcionando. Incluido el congreso y el\npresidente de la Rep\u00fablica, Eso es lo que le debemos a quienes han quedado a la\nvera del camino a lo largo de la historia. Abrir espacios, abrir sendas y\ntender puentes, todos los necesarios, para que&nbsp; nadie quede atr\u00e1s, y\nlleguemos juntos a nuestro destino com\u00fan.<\/p>\n\n\n\n<p>Ernesto Sep\u00falveda Tornero<\/p>\n\n\n\n<p>Punta Arenas, Lunes 24 de febrero de 2020.-<\/p>\n","protected":false},"excerpt":{"rendered":"<p>Antes de que se cumpliera siquiera un mes, desde el revent\u00f3n social, ya hab\u00eda ilustres intelectuales chilenos que hab\u00edan publicado libros sobre el fen\u00f3meno. As\u00ed de r\u00e1pido se han hecho&#8230; <a class=\"read-more\" href=\"https:\/\/www.radiopresidenteibanez.cl\/web\/un-destino-comun-por-ernesto-sepulveda\/\">Leer m\u00e1s<\/a><\/p>\n","protected":false},"author":2,"featured_media":2310,"comment_status":"closed","ping_status":"closed","sticky":false,"template":"","format":"standard","meta":{"footnotes":""},"categories":[1],"tags":[],"class_list":["post-9860","post","type-post","status-publish","format-standard","has-post-thumbnail","hentry","category-cronica"],"_links":{"self":[{"href":"https:\/\/www.radiopresidenteibanez.cl\/web\/wp-json\/wp\/v2\/posts\/9860","targetHints":{"allow":["GET"]}}],"collection":[{"href":"https:\/\/www.radiopresidenteibanez.cl\/web\/wp-json\/wp\/v2\/posts"}],"about":[{"href":"https:\/\/www.radiopresidenteibanez.cl\/web\/wp-json\/wp\/v2\/types\/post"}],"author":[{"embeddable":true,"href":"https:\/\/www.radiopresidenteibanez.cl\/web\/wp-json\/wp\/v2\/users\/2"}],"replies":[{"embeddable":true,"href":"https:\/\/www.radiopresidenteibanez.cl\/web\/wp-json\/wp\/v2\/comments?post=9860"}],"version-history":[{"count":0,"href":"https:\/\/www.radiopresidenteibanez.cl\/web\/wp-json\/wp\/v2\/posts\/9860\/revisions"}],"wp:featuredmedia":[{"embeddable":true,"href":"https:\/\/www.radiopresidenteibanez.cl\/web\/wp-json\/wp\/v2\/media\/2310"}],"wp:attachment":[{"href":"https:\/\/www.radiopresidenteibanez.cl\/web\/wp-json\/wp\/v2\/media?parent=9860"}],"wp:term":[{"taxonomy":"category","embeddable":true,"href":"https:\/\/www.radiopresidenteibanez.cl\/web\/wp-json\/wp\/v2\/categories?post=9860"},{"taxonomy":"post_tag","embeddable":true,"href":"https:\/\/www.radiopresidenteibanez.cl\/web\/wp-json\/wp\/v2\/tags?post=9860"}],"curies":[{"name":"wp","href":"https:\/\/api.w.org\/{rel}","templated":true}]}}