{"id":9851,"date":"2020-02-24T17:34:35","date_gmt":"2020-02-24T17:34:35","guid":{"rendered":"https:\/\/www.radiopresidenteibanez.cl\/web\/?p=9851"},"modified":"2020-02-24T17:34:40","modified_gmt":"2020-02-24T17:34:40","slug":"alcalde-radonich-solicito-a-las-autoridades-de-rio-gallegos-reconsiderar-cobro-a-transportistas-chilenos","status":"publish","type":"post","link":"https:\/\/www.radiopresidenteibanez.cl\/web\/alcalde-radonich-solicito-a-las-autoridades-de-rio-gallegos-reconsiderar-cobro-a-transportistas-chilenos\/","title":{"rendered":"ALCALDE RADONICH SOLICIT\u00d3 A LAS AUTORIDADES DE R\u00cdO GALLEGOS RECONSIDERAR COBRO A TRANSPORTISTAS CHILENOS"},"content":{"rendered":"\n<p>Por medio de un oficio al Intendente Pablo Grasso, la primera autoridad\nde la comuna de Punta Arenas oficializ\u00f3 el petitorio que busca revertir medida\nque comenzar\u00eda a regir el pr\u00f3ximo 1 de marzo.&nbsp;<\/p>\n\n\n\n<p>Luego de conocerse la noticia que informa el inicio de un cobro a los\ntransportistas que transiten por la ciudad de R\u00edo Gallegos a partir del pr\u00f3ximo\n1 de marzo, de inmediato se activaron las alertas en nuestra ciudad, raz\u00f3n por\nla cual el alcalde Claudio Radonich solicit\u00f3 la intervenci\u00f3n de las autoridades\nregionales y nacionales para intentar revertir la iniciativa que afectar\u00eda no\ns\u00f3lo a quienes trabajan en dicho rubro, sino que podr\u00eda repercutir en el\n\u201cbolsillo\u201d de todos los magall\u00e1nicos y patag\u00f3nicos.&nbsp;<\/p>\n\n\n\n<p>En la misiva, Radonich plantea que como habitantes de la Patagonia,\ncompartimos diferentes problemas que afectan a nuestras comunidades sin\ndistinciones entre su pa\u00eds y el nuestro, vinculados b\u00e1sicamente a las distancias,\ny por ende a la conectividad con los principales centros financieros,\necon\u00f3micos, acad\u00e9micos y de salud de cada pa\u00eds que tienen un alto impacto en el\ncosto de vida en estas latitudes.<\/p>\n\n\n\n<p>\u201cEs por ello que gravar el transporte de carga, no s\u00f3lo impide facilitar\nlos desplazamientos de insumos y productos de primera necesidad entre el\nextremo sur y la zona central de Chile, como se ha luchado desde siempre, si no\nque aumentar\u00e1n los valores de los fletes y en consecuencia tendr\u00e1 un impacto en\ntodos los \u00e1mbitos econ\u00f3micos de nuestra regi\u00f3n, partiendo por los\ntransportistas que desarrollan estos trayectos y finalmente, en nuestros\nvecinos y habitantes que ver\u00e1n aumentado los valores de productos, incluyendo\nalimentos, materiales de construcci\u00f3n entre otros, fundamentales para nuestro\nvivir y desarrollo\u201d, argument\u00f3 la autoridad puntarenense.<\/p>\n\n\n\n<p>A ello el Alcalde agreg\u00f3 que \u201choy, tanto en Argentina como en Chile\nestamos viviendo momentos econ\u00f3micos complejos, tanto por razones internas como\nexternas que derivan en aumentos de cesant\u00eda y precarizaci\u00f3n del poder\nadquisitivo de nuestros habitantes, por lo que una medida de esta naturaleza,\nafectar\u00e1 negativamente la calidad de vida de cada uno de los habitantes de\nPunta Arenas y del resto de la regi\u00f3n de Magallanes y Ant\u00e1rtica Chilena\u201d.<\/p>\n\n\n\n<p>Con estos antecedentes, el jefe comunal escribe: \u201csolicito\nrespetuosamente reestudiar el tema y que en consideraci\u00f3n a las razones\nplanteadas, se deje sin efecto la medida, de tal manera que no s\u00f3lo mantengamos\nlas intensas e hist\u00f3ricas relaciones comerciales y afectivas entre nuestras\ncomunidades, si no que se fortalezcan con estos gestos que ponen en el centro\nde las pol\u00edticas p\u00fablicas a las personas, su calidad de vida y desarrollo sin\notras consideraciones\u201d.<\/p>\n","protected":false},"excerpt":{"rendered":"<p>Por medio de un oficio al Intendente Pablo Grasso, la primera autoridad de la comuna de Punta Arenas oficializ\u00f3 el petitorio que busca revertir medida que comenzar\u00eda a regir el&#8230; <a class=\"read-more\" href=\"https:\/\/www.radiopresidenteibanez.cl\/web\/alcalde-radonich-solicito-a-las-autoridades-de-rio-gallegos-reconsiderar-cobro-a-transportistas-chilenos\/\">Leer m\u00e1s<\/a><\/p>\n","protected":false},"author":2,"featured_media":9852,"comment_status":"closed","ping_status":"closed","sticky":false,"template":"","format":"standard","meta":{"footnotes":""},"categories":[1],"tags":[],"class_list":["post-9851","post","type-post","status-publish","format-standard","has-post-thumbnail","hentry","category-cronica"],"_links":{"self":[{"href":"https:\/\/www.radiopresidenteibanez.cl\/web\/wp-json\/wp\/v2\/posts\/9851","targetHints":{"allow":["GET"]}}],"collection":[{"href":"https:\/\/www.radiopresidenteibanez.cl\/web\/wp-json\/wp\/v2\/posts"}],"about":[{"href":"https:\/\/www.radiopresidenteibanez.cl\/web\/wp-json\/wp\/v2\/types\/post"}],"author":[{"embeddable":true,"href":"https:\/\/www.radiopresidenteibanez.cl\/web\/wp-json\/wp\/v2\/users\/2"}],"replies":[{"embeddable":true,"href":"https:\/\/www.radiopresidenteibanez.cl\/web\/wp-json\/wp\/v2\/comments?post=9851"}],"version-history":[{"count":0,"href":"https:\/\/www.radiopresidenteibanez.cl\/web\/wp-json\/wp\/v2\/posts\/9851\/revisions"}],"wp:featuredmedia":[{"embeddable":true,"href":"https:\/\/www.radiopresidenteibanez.cl\/web\/wp-json\/wp\/v2\/media\/9852"}],"wp:attachment":[{"href":"https:\/\/www.radiopresidenteibanez.cl\/web\/wp-json\/wp\/v2\/media?parent=9851"}],"wp:term":[{"taxonomy":"category","embeddable":true,"href":"https:\/\/www.radiopresidenteibanez.cl\/web\/wp-json\/wp\/v2\/categories?post=9851"},{"taxonomy":"post_tag","embeddable":true,"href":"https:\/\/www.radiopresidenteibanez.cl\/web\/wp-json\/wp\/v2\/tags?post=9851"}],"curies":[{"name":"wp","href":"https:\/\/api.w.org\/{rel}","templated":true}]}}