{"id":9848,"date":"2020-02-24T17:32:49","date_gmt":"2020-02-24T17:32:49","guid":{"rendered":"https:\/\/www.radiopresidenteibanez.cl\/web\/?p=9848"},"modified":"2020-02-24T17:32:56","modified_gmt":"2020-02-24T17:32:56","slug":"cerca-de-un-centenar-de-personas-desafiaron-la-lluvia-participando-en-cicletada-familiar-municipal","status":"publish","type":"post","link":"https:\/\/www.radiopresidenteibanez.cl\/web\/cerca-de-un-centenar-de-personas-desafiaron-la-lluvia-participando-en-cicletada-familiar-municipal\/","title":{"rendered":"CERCA DE UN CENTENAR DE PERSONAS DESAFIARON LA LLUVIA PARTICIPANDO EN CICLETADA FAMILIAR MUNICIPAL"},"content":{"rendered":"\n<p>Sin importar el fr\u00edo ni la lluvia, cerca de un centenar de\npersonas llegaron este domingo (23 de febrero), hasta la avenida Costanera para\nparticipar de la Cicletada Familiar organizada por el Municipio de Punta Arenas.<\/p>\n\n\n\n<p>La actividad se realiz\u00f3 a partir de las 11 de la ma\u00f1ana y el\ncircuito inici\u00f3 en la Costanera entre Pedro Montt y Jos\u00e9 Men\u00e9ndez, llegando\nhasta Manantiales. Una vez ah\u00ed, los participantes volv\u00edan por la avenida\nCostanera hasta el punto de inicio.<\/p>\n\n\n\n<p>\u201cLa gente quiere hacer deporte y nuestro trabajo es\njustamente dar todas las facilidades para que nuestros vecinos puedan\npracticarlos. Y por eso es que no es solamente poder apoyar los deportes m\u00e1s\nprofesionales, sino tambi\u00e9n los nuevos, porque estamos tambi\u00e9n con hartas\ncarreras que no son competitivas, sino que son una buena excusa para poder\ncompartir en familia\u201d, afirm\u00f3 el alcalde de Punta Arenas, Claudio Radonich.<\/p>\n\n\n\n<p>Los asistentes valoraron la oportunidad de poder realizar\ndeporte en familia, en un ambiente resguardado por el Municipio. \u201cEs muy buena\nidea que participe toda la familia, as\u00ed se distrae y a la vez ayuda para la\nsalud\u201d, afirm\u00f3 Roberto Gamboa.<\/p>\n\n\n\n<p>Por su parte, Camila Ruiz, quien lleg\u00f3 con su marido y sus\ndos hijos, indic\u00f3 que \u201ces s\u00faper buena la actividad porque uno as\u00ed disfruta con\nla familia, ya que son pocas las actividades y a pesar de la lluvia igual llega\ngente. Y nos motivamos tambi\u00e9n como familia, participamos en las corridas, as\u00ed\nque s\u00faper. Un buen incentivo para la actividad f\u00edsica, tambi\u00e9n\u201d.<\/p>\n\n\n\n<p>Durante la jornada se sortearon tres bicicletas, premios que\nrecayeron en Roberto Gamboa, Fernando Llaiquil y Mauricio V\u00e1squez.<\/p>\n","protected":false},"excerpt":{"rendered":"<p>Sin importar el fr\u00edo ni la lluvia, cerca de un centenar de personas llegaron este domingo (23 de febrero), hasta la avenida Costanera para participar de la Cicletada Familiar organizada&#8230; <a class=\"read-more\" href=\"https:\/\/www.radiopresidenteibanez.cl\/web\/cerca-de-un-centenar-de-personas-desafiaron-la-lluvia-participando-en-cicletada-familiar-municipal\/\">Leer m\u00e1s<\/a><\/p>\n","protected":false},"author":2,"featured_media":9849,"comment_status":"closed","ping_status":"closed","sticky":false,"template":"","format":"standard","meta":{"footnotes":""},"categories":[1],"tags":[],"class_list":["post-9848","post","type-post","status-publish","format-standard","has-post-thumbnail","hentry","category-cronica"],"_links":{"self":[{"href":"https:\/\/www.radiopresidenteibanez.cl\/web\/wp-json\/wp\/v2\/posts\/9848","targetHints":{"allow":["GET"]}}],"collection":[{"href":"https:\/\/www.radiopresidenteibanez.cl\/web\/wp-json\/wp\/v2\/posts"}],"about":[{"href":"https:\/\/www.radiopresidenteibanez.cl\/web\/wp-json\/wp\/v2\/types\/post"}],"author":[{"embeddable":true,"href":"https:\/\/www.radiopresidenteibanez.cl\/web\/wp-json\/wp\/v2\/users\/2"}],"replies":[{"embeddable":true,"href":"https:\/\/www.radiopresidenteibanez.cl\/web\/wp-json\/wp\/v2\/comments?post=9848"}],"version-history":[{"count":0,"href":"https:\/\/www.radiopresidenteibanez.cl\/web\/wp-json\/wp\/v2\/posts\/9848\/revisions"}],"wp:featuredmedia":[{"embeddable":true,"href":"https:\/\/www.radiopresidenteibanez.cl\/web\/wp-json\/wp\/v2\/media\/9849"}],"wp:attachment":[{"href":"https:\/\/www.radiopresidenteibanez.cl\/web\/wp-json\/wp\/v2\/media?parent=9848"}],"wp:term":[{"taxonomy":"category","embeddable":true,"href":"https:\/\/www.radiopresidenteibanez.cl\/web\/wp-json\/wp\/v2\/categories?post=9848"},{"taxonomy":"post_tag","embeddable":true,"href":"https:\/\/www.radiopresidenteibanez.cl\/web\/wp-json\/wp\/v2\/tags?post=9848"}],"curies":[{"name":"wp","href":"https:\/\/api.w.org\/{rel}","templated":true}]}}