{"id":9845,"date":"2020-02-24T17:30:47","date_gmt":"2020-02-24T17:30:47","guid":{"rendered":"https:\/\/www.radiopresidenteibanez.cl\/web\/?p=9845"},"modified":"2020-02-24T17:30:51","modified_gmt":"2020-02-24T17:30:51","slug":"se-inician-trabajos-de-instalacion-de-equipos-de-cogeneracion-en-el-hospital-de-natales","status":"publish","type":"post","link":"https:\/\/www.radiopresidenteibanez.cl\/web\/se-inician-trabajos-de-instalacion-de-equipos-de-cogeneracion-en-el-hospital-de-natales\/","title":{"rendered":"SE INICIAN TRABAJOS DE INSTALACI\u00d3N DE EQUIPOS DE COGENERACI\u00d3N EN EL HOSPITAL DE NATALES"},"content":{"rendered":"\n<p>Funcionarios de la Agencia de Sostenibilidad Energ\u00e9tica, profesionales del\nprograma de Eficiencia Energ\u00e9tica encabezados por el Seremi de Energ\u00eda, Noberto\nS\u00e1ez, junto al equipo Directivo del Hospital Dr. Augusto Essmann Burgos,&nbsp; liderados por su director(s), Dr. Darwin\nLetelier, dieron vamos a los trabajos que le permitir\u00e1n al recinto de salud ser\nun edificio p\u00fablico con energ\u00eda eficiente. <\/p>\n\n\n\n<p>Este hito materializa un proyecto que se inici\u00f3 en el a\u00f1o 2018 con un\ndiagn\u00f3stico y estudio de factibilidad de implementaci\u00f3n de medidas de\neficiencia energ\u00e9tica e instalaci\u00f3n de equipos de cogeneraci\u00f3n para este centro\nde salud, trabajo que evidenci\u00f3 el impacto que tendr\u00eda &nbsp;equipar con esta tecnolog\u00eda al Hospital de\nNatales. \u201cLa instalaci\u00f3n de los equipos de cogeneraci\u00f3n significar\u00e1 un\nimportante ahorro en electricidad y gas, lo que se traduce en un ahorro de m\u00e1s\nde $ 40 millones al a\u00f1o y la disminuci\u00f3n de manera considerable de las\nemisiones contaminantes\u201d, explic\u00f3 el Seremi de Energ\u00eda. <\/p>\n\n\n\n<p>Asimismo, el titular de la cartera regional de Energ\u00eda se\u00f1al\u00f3: \u201cestas\niniciativas van en la direcci\u00f3n correcta en materia de eficiencia energ\u00e9tica y\nen este sentido, cumplen con los lineamientos establecidos en el Programa de\nGobierno del Presidente Sebasti\u00e1n Pi\u00f1era. Con este proyecto, que significar\u00e1 la inversi\u00f3n de $286 millones, el Hospital\nde Natales se sumar\u00e1 al Hospital Cl\u00ednico de Magallanes y al Edificio de\nGobierno Regional que ya cuentan con esta tecnolog\u00eda de eficiencia energ\u00e9tica\u201d.<\/p>\n\n\n\n<p>Por su parte, el Director(s) del Hospital de Natales, destac\u00f3 la\nimportancia de dar inicio a los trabajos, \u201cpara nuestro establecimiento hoy es\nun gran d\u00eda, porque comienzan la instalaci\u00f3n de los equipos de cogeneraci\u00f3n que\nnos permitir\u00e1n la utilizaci\u00f3n m\u00e1s eficiente de la energ\u00eda, lo que se traduce en\nahorro energ\u00e9tico, disminuci\u00f3n de las emisiones de carbono y tambi\u00e9n en un\nimportante ahorro monetario. Durante 280 d\u00edas la empresa externa que se\nadjudic\u00f3 la licitaci\u00f3n desarrollar\u00e1 los trabajos de instalaci\u00f3n, labores que\nfinalizar\u00edan a fines del presente a\u00f1o\u201d. <\/p>\n\n\n\n<p>Respecto a las caracter\u00edsticas de los equipos, la profesional a cargo del\nproyecto por parte de la Agencia de Sostenibilidad Energ\u00e9tica, Carolina\nCastillo, explic\u00f3 : \u201ceste cogenerador es un equipo que va aportar energ\u00eda\nel\u00e9ctrica a trav\u00e9s de la generaci\u00f3n t\u00e9rmica, con una potencia de 200 kWt y va\noperar de manera paralela con el sistema actual. Tambi\u00e9n vamos a tener la\nposibilidad de inyectar a la red, lo que va a significar m\u00e1s ahorro para el\nhospital de Natales\u201d. <\/p>\n","protected":false},"excerpt":{"rendered":"<p>Funcionarios de la Agencia de Sostenibilidad Energ\u00e9tica, profesionales del programa de Eficiencia Energ\u00e9tica encabezados por el Seremi de Energ\u00eda, Noberto S\u00e1ez, junto al equipo Directivo del Hospital Dr. Augusto Essmann&#8230; <a class=\"read-more\" href=\"https:\/\/www.radiopresidenteibanez.cl\/web\/se-inician-trabajos-de-instalacion-de-equipos-de-cogeneracion-en-el-hospital-de-natales\/\">Leer m\u00e1s<\/a><\/p>\n","protected":false},"author":2,"featured_media":9846,"comment_status":"closed","ping_status":"closed","sticky":false,"template":"","format":"standard","meta":{"footnotes":""},"categories":[1],"tags":[],"class_list":["post-9845","post","type-post","status-publish","format-standard","has-post-thumbnail","hentry","category-cronica"],"_links":{"self":[{"href":"https:\/\/www.radiopresidenteibanez.cl\/web\/wp-json\/wp\/v2\/posts\/9845","targetHints":{"allow":["GET"]}}],"collection":[{"href":"https:\/\/www.radiopresidenteibanez.cl\/web\/wp-json\/wp\/v2\/posts"}],"about":[{"href":"https:\/\/www.radiopresidenteibanez.cl\/web\/wp-json\/wp\/v2\/types\/post"}],"author":[{"embeddable":true,"href":"https:\/\/www.radiopresidenteibanez.cl\/web\/wp-json\/wp\/v2\/users\/2"}],"replies":[{"embeddable":true,"href":"https:\/\/www.radiopresidenteibanez.cl\/web\/wp-json\/wp\/v2\/comments?post=9845"}],"version-history":[{"count":0,"href":"https:\/\/www.radiopresidenteibanez.cl\/web\/wp-json\/wp\/v2\/posts\/9845\/revisions"}],"wp:featuredmedia":[{"embeddable":true,"href":"https:\/\/www.radiopresidenteibanez.cl\/web\/wp-json\/wp\/v2\/media\/9846"}],"wp:attachment":[{"href":"https:\/\/www.radiopresidenteibanez.cl\/web\/wp-json\/wp\/v2\/media?parent=9845"}],"wp:term":[{"taxonomy":"category","embeddable":true,"href":"https:\/\/www.radiopresidenteibanez.cl\/web\/wp-json\/wp\/v2\/categories?post=9845"},{"taxonomy":"post_tag","embeddable":true,"href":"https:\/\/www.radiopresidenteibanez.cl\/web\/wp-json\/wp\/v2\/tags?post=9845"}],"curies":[{"name":"wp","href":"https:\/\/api.w.org\/{rel}","templated":true}]}}