{"id":9842,"date":"2020-02-24T17:27:58","date_gmt":"2020-02-24T17:27:58","guid":{"rendered":"https:\/\/www.radiopresidenteibanez.cl\/web\/?p=9842"},"modified":"2020-02-24T17:28:01","modified_gmt":"2020-02-24T17:28:01","slug":"en-reunion-con-comunidad-servicio-de-salud-refuerza-necesidad-de-base-samu-para-sector-sur","status":"publish","type":"post","link":"https:\/\/www.radiopresidenteibanez.cl\/web\/en-reunion-con-comunidad-servicio-de-salud-refuerza-necesidad-de-base-samu-para-sector-sur\/","title":{"rendered":"EN REUNI\u00d3N CON COMUNIDAD SERVICIO DE SALUD REFUERZA NECESIDAD DE BASE SAMU PARA SECTOR SUR"},"content":{"rendered":"\n<p>Uno de los proyectos emblem\u00e1ticos del sector salud en\nMagallanes, es la construcci\u00f3n del Servicio de Alta Resolutividad SAR\nDamianovic, el cual est\u00e1 siendo reformulado desde la Direcci\u00f3n de Servicio, a\nfin de retomar lo antes posible la ejecuci\u00f3n de obras, debido al abandono de la\nconstructora a cargo.<\/p>\n\n\n\n<p>Por tal motivo y, respondiendo a la invitaci\u00f3n del Consejo de\nDesarrollo y Direcci\u00f3n del CESFAM Dr. Juan Damianovic, ayer \u2013 viernes 21 &#8211; el\nDirector del Servicio de Salud Nelson Reyes junto a un equipo profesional, se\nreunieron con dirigentes y representante de organizaciones sociales, a fin de\ninformar sobre los procesos y acciones realizadas por el organismo sanitario;\nreuni\u00f3n de la que tambi\u00e9n particip\u00f3 el alcalde Claudio Radonich, el concejal\nArturo D\u00edaz y la jefa de \u00e1rea salud Rosa Bidart.<\/p>\n\n\n\n<p>En la ocasi\u00f3n, el Director de Servicio Nelson Reyes, expres\u00f3 su\npreocupaci\u00f3n por la situaci\u00f3n, reiterando a los vecinos, el compromiso del\nServicio en sacar adelante lo antes posible los procesos necesarios para\nretomar la construcci\u00f3n, garantizando a la vez, la atenci\u00f3n de salud de los\nfuturos usuarios del SAR, mediante un proceso de mitigaci\u00f3n &#8211; en estudio &#8211; que\ninvolucra desde la ampliaci\u00f3n de los horarios SAPU a la implementaci\u00f3n de un\nnuevo dispositivo SAPU en la comuna.<\/p>\n\n\n\n<p>De igual forma, la autoridad de salud reforz\u00f3 la idea de contar\ncon una base SAMU en el sector sur de Punta Arenas, consciente de la necesidad\nde los vecinos, la que permitir\u00e1 mayor conectividad en la derivaci\u00f3n hacia el\nHospital Cl\u00ednico Magallanes y equidad en la atenci\u00f3n.<\/p>\n\n\n\n<p>Se\u00f1alar que las informaciones entregadas por el Director Reyes,\ncomo por profesionales del Servicio, fueron recepcionadas positivamente por los\nasistentes, quienes agradecieron la disposici\u00f3n del Servicio a participar de\nestas instancias, como a trabajar por superar dificultades derivadas del\nabandono de la obra.<\/p>\n","protected":false},"excerpt":{"rendered":"<p>Uno de los proyectos emblem\u00e1ticos del sector salud en Magallanes, es la construcci\u00f3n del Servicio de Alta Resolutividad SAR Damianovic, el cual est\u00e1 siendo reformulado desde la Direcci\u00f3n de Servicio,&#8230; <a class=\"read-more\" href=\"https:\/\/www.radiopresidenteibanez.cl\/web\/en-reunion-con-comunidad-servicio-de-salud-refuerza-necesidad-de-base-samu-para-sector-sur\/\">Leer m\u00e1s<\/a><\/p>\n","protected":false},"author":2,"featured_media":9843,"comment_status":"closed","ping_status":"closed","sticky":false,"template":"","format":"standard","meta":{"footnotes":""},"categories":[1],"tags":[],"class_list":["post-9842","post","type-post","status-publish","format-standard","has-post-thumbnail","hentry","category-cronica"],"_links":{"self":[{"href":"https:\/\/www.radiopresidenteibanez.cl\/web\/wp-json\/wp\/v2\/posts\/9842","targetHints":{"allow":["GET"]}}],"collection":[{"href":"https:\/\/www.radiopresidenteibanez.cl\/web\/wp-json\/wp\/v2\/posts"}],"about":[{"href":"https:\/\/www.radiopresidenteibanez.cl\/web\/wp-json\/wp\/v2\/types\/post"}],"author":[{"embeddable":true,"href":"https:\/\/www.radiopresidenteibanez.cl\/web\/wp-json\/wp\/v2\/users\/2"}],"replies":[{"embeddable":true,"href":"https:\/\/www.radiopresidenteibanez.cl\/web\/wp-json\/wp\/v2\/comments?post=9842"}],"version-history":[{"count":0,"href":"https:\/\/www.radiopresidenteibanez.cl\/web\/wp-json\/wp\/v2\/posts\/9842\/revisions"}],"wp:featuredmedia":[{"embeddable":true,"href":"https:\/\/www.radiopresidenteibanez.cl\/web\/wp-json\/wp\/v2\/media\/9843"}],"wp:attachment":[{"href":"https:\/\/www.radiopresidenteibanez.cl\/web\/wp-json\/wp\/v2\/media?parent=9842"}],"wp:term":[{"taxonomy":"category","embeddable":true,"href":"https:\/\/www.radiopresidenteibanez.cl\/web\/wp-json\/wp\/v2\/categories?post=9842"},{"taxonomy":"post_tag","embeddable":true,"href":"https:\/\/www.radiopresidenteibanez.cl\/web\/wp-json\/wp\/v2\/tags?post=9842"}],"curies":[{"name":"wp","href":"https:\/\/api.w.org\/{rel}","templated":true}]}}