{"id":9839,"date":"2020-02-24T17:24:34","date_gmt":"2020-02-24T17:24:34","guid":{"rendered":"https:\/\/www.radiopresidenteibanez.cl\/web\/?p=9839"},"modified":"2020-02-24T17:24:37","modified_gmt":"2020-02-24T17:24:37","slug":"armadores-locales-conformaron-gremio-regional","status":"publish","type":"post","link":"https:\/\/www.radiopresidenteibanez.cl\/web\/armadores-locales-conformaron-gremio-regional\/","title":{"rendered":"ARMADORES LOCALES CONFORMARON GREMIO REGIONAL"},"content":{"rendered":"\n<p>Un grupo de empresas armadoras de naves locales iniciaron el proceso de constituci\u00f3n de la Asociaci\u00f3n de Armadores de Magallanes, Armag AG, con el prop\u00f3sito de desarrollar y fomentar la actividad mar\u00edtima en la zona austral, dada la gran implicancia que esta industria tiene para el desarrollo y crecimiento de una regi\u00f3n tan extensa y plagada de fiordos y canales.<\/p>\n\n\n\n<p>Los representantes de las empresas Naviera DAP Mares, Solo Expediciones, Mar\u00edtima TransAustral, Transbordadora Austral Broom S.A., Turismo y Transporte 21 de Mayo, Turismo Lago Grey, Naviera Frasal y Cruceros Australis, consensuaron la necesidad de agruparse para convertir la regi\u00f3n en una zona moderna y conectada, impulsando y agilizando la actividad mar\u00edtima y naviera en Magallanes y la Ant\u00e1rtica.<\/p>\n\n\n\n<p>Especial hincapi\u00e9 se dar\u00e1 a la proyecci\u00f3n hacia el continente blanco fomentando a los ciudadanos de Magallanes para convertirse en colaboradores de las actividades mar\u00edtimas en el marco del cuidado al medio ambiente y la sustentabilidad.<\/p>\n\n\n\n<p>Asimismo se pretender formar un canal com\u00fan de comunicaci\u00f3n que les permitan relacionarse con las autoridades, para fomentar la comprensi\u00f3n de la actividad mar\u00edtima que se realiza en la regi\u00f3n, su problem\u00e1tica, la falta de infraestructura de mantenimiento y portuaria, el aislamiento del resto del pa\u00eds, y que en virtud de este conocimiento, las resoluciones y pol\u00edticas sean coherentes y consecuentes con el desarrollo de la actividad, como tambi\u00e9n la defensa del patrimonio Tur\u00edstico que se ve explotado por naves extrajeras generando una competencia desleal al utilizar las leyes tributarias y laborales m\u00e1s favorables que existen en el mundo, recurriendo para lograr este objetivo a banderas de conveniencias (FOCs), para evitar las normativas laborales, impuestos y regulaciones mar\u00edtimas de los respectivos pa\u00edses de origen.<\/p>\n\n\n\n<p>Se nombr\u00f3 un Directorio cuya directiva est\u00e1 presidida por Alejandro Solo de Sald\u00edvar Clavel, vice presidente Alejandro Kusanovic, secretario Enrique Ledantec y tesorero Guillermo Perez, cuya misi\u00f3n es gestionar a la brevedad los tr\u00e1mites necesarios para obtener los permisos necesarios para el ejercicio de la asociaci\u00f3n. Tambi\u00e9n integran el Directorio Alejandro Almonacid, Juan Carlos \u00c1lvarez y Jorge Mladinic.<\/p>\n","protected":false},"excerpt":{"rendered":"<p>Un grupo de empresas armadoras de naves locales iniciaron el proceso de constituci\u00f3n de la Asociaci\u00f3n de Armadores de Magallanes, Armag AG, con el prop\u00f3sito de desarrollar y fomentar la&#8230; <a class=\"read-more\" href=\"https:\/\/www.radiopresidenteibanez.cl\/web\/armadores-locales-conformaron-gremio-regional\/\">Leer m\u00e1s<\/a><\/p>\n","protected":false},"author":2,"featured_media":9840,"comment_status":"closed","ping_status":"closed","sticky":false,"template":"","format":"standard","meta":{"footnotes":""},"categories":[1],"tags":[],"class_list":["post-9839","post","type-post","status-publish","format-standard","has-post-thumbnail","hentry","category-cronica"],"_links":{"self":[{"href":"https:\/\/www.radiopresidenteibanez.cl\/web\/wp-json\/wp\/v2\/posts\/9839","targetHints":{"allow":["GET"]}}],"collection":[{"href":"https:\/\/www.radiopresidenteibanez.cl\/web\/wp-json\/wp\/v2\/posts"}],"about":[{"href":"https:\/\/www.radiopresidenteibanez.cl\/web\/wp-json\/wp\/v2\/types\/post"}],"author":[{"embeddable":true,"href":"https:\/\/www.radiopresidenteibanez.cl\/web\/wp-json\/wp\/v2\/users\/2"}],"replies":[{"embeddable":true,"href":"https:\/\/www.radiopresidenteibanez.cl\/web\/wp-json\/wp\/v2\/comments?post=9839"}],"version-history":[{"count":0,"href":"https:\/\/www.radiopresidenteibanez.cl\/web\/wp-json\/wp\/v2\/posts\/9839\/revisions"}],"wp:featuredmedia":[{"embeddable":true,"href":"https:\/\/www.radiopresidenteibanez.cl\/web\/wp-json\/wp\/v2\/media\/9840"}],"wp:attachment":[{"href":"https:\/\/www.radiopresidenteibanez.cl\/web\/wp-json\/wp\/v2\/media?parent=9839"}],"wp:term":[{"taxonomy":"category","embeddable":true,"href":"https:\/\/www.radiopresidenteibanez.cl\/web\/wp-json\/wp\/v2\/categories?post=9839"},{"taxonomy":"post_tag","embeddable":true,"href":"https:\/\/www.radiopresidenteibanez.cl\/web\/wp-json\/wp\/v2\/tags?post=9839"}],"curies":[{"name":"wp","href":"https:\/\/api.w.org\/{rel}","templated":true}]}}