{"id":9812,"date":"2020-02-21T02:32:48","date_gmt":"2020-02-21T02:32:48","guid":{"rendered":"https:\/\/www.radiopresidenteibanez.cl\/web\/?p=9812"},"modified":"2020-02-21T02:32:57","modified_gmt":"2020-02-21T02:32:57","slug":"hombre-fue-asesinado-en-el-sector-de-agua-fresca","status":"publish","type":"post","link":"https:\/\/www.radiopresidenteibanez.cl\/web\/hombre-fue-asesinado-en-el-sector-de-agua-fresca\/","title":{"rendered":"HOMBRE FUE ASESINADO EN EL SECTOR DE AGUA FRESCA"},"content":{"rendered":"\n<p>Un hombre de 55 a\u00f1os, identificado como Ren\u00e9 P\u00e9rez Carrillo, fue asesinado durante la noche de este jueves 20 de febrero en el sector de Agua Fresca a unos 35 kil\u00f3metros al sur del centro de Punta Arenas.<\/p>\n\n\n\n<p>El occiso recibi\u00f3 dos heridas cortopunzantes en el torso, hasta el momento existe una mujer detenida de 45 a\u00f1os quien era ex pareja del pescador y principal sospechosa del hecho de sangre, luego de que fuera denunciada por un testigo quien mencion\u00f3 que se encontraba caminando cerca del lugar con un cuchillo en la mano.<\/p>\n\n\n\n<p>PDI se encuentra realizando las investigaciones correspondientes. <\/p>\n","protected":false},"excerpt":{"rendered":"<p>Un hombre de 55 a\u00f1os, identificado como Ren\u00e9 P\u00e9rez Carrillo, fue asesinado durante la noche de este jueves 20 de febrero en el sector de Agua Fresca a unos 35&#8230; <a class=\"read-more\" href=\"https:\/\/www.radiopresidenteibanez.cl\/web\/hombre-fue-asesinado-en-el-sector-de-agua-fresca\/\">Leer m\u00e1s<\/a><\/p>\n","protected":false},"author":2,"featured_media":4141,"comment_status":"closed","ping_status":"closed","sticky":false,"template":"","format":"standard","meta":{"footnotes":""},"categories":[6],"tags":[],"class_list":["post-9812","post","type-post","status-publish","format-standard","has-post-thumbnail","hentry","category-policial"],"_links":{"self":[{"href":"https:\/\/www.radiopresidenteibanez.cl\/web\/wp-json\/wp\/v2\/posts\/9812","targetHints":{"allow":["GET"]}}],"collection":[{"href":"https:\/\/www.radiopresidenteibanez.cl\/web\/wp-json\/wp\/v2\/posts"}],"about":[{"href":"https:\/\/www.radiopresidenteibanez.cl\/web\/wp-json\/wp\/v2\/types\/post"}],"author":[{"embeddable":true,"href":"https:\/\/www.radiopresidenteibanez.cl\/web\/wp-json\/wp\/v2\/users\/2"}],"replies":[{"embeddable":true,"href":"https:\/\/www.radiopresidenteibanez.cl\/web\/wp-json\/wp\/v2\/comments?post=9812"}],"version-history":[{"count":0,"href":"https:\/\/www.radiopresidenteibanez.cl\/web\/wp-json\/wp\/v2\/posts\/9812\/revisions"}],"wp:featuredmedia":[{"embeddable":true,"href":"https:\/\/www.radiopresidenteibanez.cl\/web\/wp-json\/wp\/v2\/media\/4141"}],"wp:attachment":[{"href":"https:\/\/www.radiopresidenteibanez.cl\/web\/wp-json\/wp\/v2\/media?parent=9812"}],"wp:term":[{"taxonomy":"category","embeddable":true,"href":"https:\/\/www.radiopresidenteibanez.cl\/web\/wp-json\/wp\/v2\/categories?post=9812"},{"taxonomy":"post_tag","embeddable":true,"href":"https:\/\/www.radiopresidenteibanez.cl\/web\/wp-json\/wp\/v2\/tags?post=9812"}],"curies":[{"name":"wp","href":"https:\/\/api.w.org\/{rel}","templated":true}]}}