{"id":9810,"date":"2020-02-21T02:30:31","date_gmt":"2020-02-21T02:30:31","guid":{"rendered":"https:\/\/www.radiopresidenteibanez.cl\/web\/?p=9810"},"modified":"2020-02-21T02:30:38","modified_gmt":"2020-02-21T02:30:38","slug":"hombre-fallecio-mientras-jugaba-futbol-en-punta-arenas","status":"publish","type":"post","link":"https:\/\/www.radiopresidenteibanez.cl\/web\/hombre-fallecio-mientras-jugaba-futbol-en-punta-arenas\/","title":{"rendered":"HOMBRE FALLECI\u00d3 MIENTRAS JUGABA F\u00daTBOL EN PUNTA ARENAS"},"content":{"rendered":"\n<p>Pasadas las 21 horas, un hombre identificado c\u00f3mo Carlos Maldonado de 55 a\u00f1os, sufri\u00f3 un infarto mientras defend\u00eda la camiseta de Buses Fern\u00e1ndez en la categor\u00eda \u201csenior\u201d del campeonato de futbolito que se organiza en dependencias del Estadio Fiscal.<\/p>\n\n\n\n<p>En la ocasi\u00f3n el malogrado hombre se desplom\u00f3 sin poder ser reanimado, hasta el lugar se traslad\u00f3 personal de Carabineros para tomar el procedimiento de rigor a la espera por la orden del fiscal de turno.<\/p>\n","protected":false},"excerpt":{"rendered":"<p>Pasadas las 21 horas, un hombre identificado c\u00f3mo Carlos Maldonado de 55 a\u00f1os, sufri\u00f3 un infarto mientras defend\u00eda la camiseta de Buses Fern\u00e1ndez en la categor\u00eda \u201csenior\u201d del campeonato de&#8230; <a class=\"read-more\" href=\"https:\/\/www.radiopresidenteibanez.cl\/web\/hombre-fallecio-mientras-jugaba-futbol-en-punta-arenas\/\">Leer m\u00e1s<\/a><\/p>\n","protected":false},"author":2,"featured_media":2606,"comment_status":"closed","ping_status":"closed","sticky":false,"template":"","format":"standard","meta":{"footnotes":""},"categories":[6],"tags":[],"class_list":["post-9810","post","type-post","status-publish","format-standard","has-post-thumbnail","hentry","category-policial"],"_links":{"self":[{"href":"https:\/\/www.radiopresidenteibanez.cl\/web\/wp-json\/wp\/v2\/posts\/9810","targetHints":{"allow":["GET"]}}],"collection":[{"href":"https:\/\/www.radiopresidenteibanez.cl\/web\/wp-json\/wp\/v2\/posts"}],"about":[{"href":"https:\/\/www.radiopresidenteibanez.cl\/web\/wp-json\/wp\/v2\/types\/post"}],"author":[{"embeddable":true,"href":"https:\/\/www.radiopresidenteibanez.cl\/web\/wp-json\/wp\/v2\/users\/2"}],"replies":[{"embeddable":true,"href":"https:\/\/www.radiopresidenteibanez.cl\/web\/wp-json\/wp\/v2\/comments?post=9810"}],"version-history":[{"count":0,"href":"https:\/\/www.radiopresidenteibanez.cl\/web\/wp-json\/wp\/v2\/posts\/9810\/revisions"}],"wp:featuredmedia":[{"embeddable":true,"href":"https:\/\/www.radiopresidenteibanez.cl\/web\/wp-json\/wp\/v2\/media\/2606"}],"wp:attachment":[{"href":"https:\/\/www.radiopresidenteibanez.cl\/web\/wp-json\/wp\/v2\/media?parent=9810"}],"wp:term":[{"taxonomy":"category","embeddable":true,"href":"https:\/\/www.radiopresidenteibanez.cl\/web\/wp-json\/wp\/v2\/categories?post=9810"},{"taxonomy":"post_tag","embeddable":true,"href":"https:\/\/www.radiopresidenteibanez.cl\/web\/wp-json\/wp\/v2\/tags?post=9810"}],"curies":[{"name":"wp","href":"https:\/\/api.w.org\/{rel}","templated":true}]}}