{"id":9804,"date":"2020-02-20T18:19:51","date_gmt":"2020-02-20T18:19:51","guid":{"rendered":"https:\/\/www.radiopresidenteibanez.cl\/web\/?p=9804"},"modified":"2020-02-20T18:19:56","modified_gmt":"2020-02-20T18:19:56","slug":"tripulante-chilena-de-crucero-diamond-princess-fue-contagiada-con-coronavirus","status":"publish","type":"post","link":"https:\/\/www.radiopresidenteibanez.cl\/web\/tripulante-chilena-de-crucero-diamond-princess-fue-contagiada-con-coronavirus\/","title":{"rendered":"TRIPULANTE CHILENA DE CRUCERO \u201cDIAMOND PRINCESS\u201d FUE CONTAGIADA CON CORONAVIRUS"},"content":{"rendered":"\n<p>Durante esta jornada se dio a conocer el primer caso de una\npersona chilena contagiada con el&nbsp;<strong>Covid-19, conocido como coronavirus.<\/strong><\/p>\n\n\n\n<p>Se trata de una\nmujer que ya desembarc\u00f3 del crucero \u201cDiamond Princess\u201d en Jap\u00f3n,&nbsp;donde se\nencuentra sometida a tratamiento.<\/p>\n\n\n\n<p>El ministro de\nSalud, Jaime Ma\u00f1alich, por su parte, confirm\u00f3 la informaci\u00f3n a ADN y adelant\u00f3\nque la cartera se pronunciar\u00eda a trav\u00e9s de un comunicado.<\/p>\n\n\n\n<p>La cartera inform\u00f3\nposteriormente que&nbsp;\u201cse trata de una persona de 45 a\u00f1os, quien durante el\nfin de semana present\u00f3 un cuadro de infecci\u00f3n respiratoria aguda con fiebre\nalta y dolores musculares\u201d y que, tras haber dado positivo al examen que\ncomprueba la presencia del virus, \u201cfue derivada hasta un Hospital en Tokio,\nJap\u00f3n, donde se encuentra en buenas condiciones generales,&nbsp;recuper\u00e1ndose\nde un cuadro de neumon\u00eda, seg\u00fan lo reportado por la autoridad local\u201d.<\/p>\n\n\n\n<p>Adem\u00e1s, expresaron\nque&nbsp;la persona solicit\u00f3 a la autoridad sanitaria el resguardo de su\nidentidad.<\/p>\n\n\n\n<p>Por su parte, la pareja de chilenos que se conoc\u00eda que estaban a bordo del trasatl\u00e1ntico,\u00a0Jos\u00e9 Luis Mu\u00f1oz y Ximena Paredes, volver\u00e1n al pa\u00eds tras no presentar s\u00edntomas y dar negativo al virus,\u00a0durante este viernes 21.<\/p>\n\n\n\n<p>Fuente:ADNRado.cl<\/p>\n","protected":false},"excerpt":{"rendered":"<p>Durante esta jornada se dio a conocer el primer caso de una persona chilena contagiada con el&nbsp;Covid-19, conocido como coronavirus. Se trata de una mujer que ya desembarc\u00f3 del crucero&#8230; <a class=\"read-more\" href=\"https:\/\/www.radiopresidenteibanez.cl\/web\/tripulante-chilena-de-crucero-diamond-princess-fue-contagiada-con-coronavirus\/\">Leer m\u00e1s<\/a><\/p>\n","protected":false},"author":2,"featured_media":9805,"comment_status":"closed","ping_status":"closed","sticky":false,"template":"","format":"standard","meta":{"footnotes":""},"categories":[1],"tags":[],"class_list":["post-9804","post","type-post","status-publish","format-standard","has-post-thumbnail","hentry","category-cronica"],"_links":{"self":[{"href":"https:\/\/www.radiopresidenteibanez.cl\/web\/wp-json\/wp\/v2\/posts\/9804","targetHints":{"allow":["GET"]}}],"collection":[{"href":"https:\/\/www.radiopresidenteibanez.cl\/web\/wp-json\/wp\/v2\/posts"}],"about":[{"href":"https:\/\/www.radiopresidenteibanez.cl\/web\/wp-json\/wp\/v2\/types\/post"}],"author":[{"embeddable":true,"href":"https:\/\/www.radiopresidenteibanez.cl\/web\/wp-json\/wp\/v2\/users\/2"}],"replies":[{"embeddable":true,"href":"https:\/\/www.radiopresidenteibanez.cl\/web\/wp-json\/wp\/v2\/comments?post=9804"}],"version-history":[{"count":0,"href":"https:\/\/www.radiopresidenteibanez.cl\/web\/wp-json\/wp\/v2\/posts\/9804\/revisions"}],"wp:featuredmedia":[{"embeddable":true,"href":"https:\/\/www.radiopresidenteibanez.cl\/web\/wp-json\/wp\/v2\/media\/9805"}],"wp:attachment":[{"href":"https:\/\/www.radiopresidenteibanez.cl\/web\/wp-json\/wp\/v2\/media?parent=9804"}],"wp:term":[{"taxonomy":"category","embeddable":true,"href":"https:\/\/www.radiopresidenteibanez.cl\/web\/wp-json\/wp\/v2\/categories?post=9804"},{"taxonomy":"post_tag","embeddable":true,"href":"https:\/\/www.radiopresidenteibanez.cl\/web\/wp-json\/wp\/v2\/tags?post=9804"}],"curies":[{"name":"wp","href":"https:\/\/api.w.org\/{rel}","templated":true}]}}