{"id":9801,"date":"2020-02-20T18:11:10","date_gmt":"2020-02-20T18:11:10","guid":{"rendered":"https:\/\/www.radiopresidenteibanez.cl\/web\/?p=9801"},"modified":"2020-02-20T18:11:21","modified_gmt":"2020-02-20T18:11:21","slug":"fomentan-el-emprendimiento-de-internos-del-complejo-penitenciario-de-punta-arenas","status":"publish","type":"post","link":"https:\/\/www.radiopresidenteibanez.cl\/web\/fomentan-el-emprendimiento-de-internos-del-complejo-penitenciario-de-punta-arenas\/","title":{"rendered":"FOMENTAN EL EMPRENDIMIENTO DE INTERNOS DEL COMPLEJO PENITENCIARIO DE PUNTA ARENAS"},"content":{"rendered":"\n<p>Concretar una idea de negocio, por medio de\ncapacitaciones, asesor\u00edas y financiamiento de bienes e insumos para ello, es el\nobjetivo del programa \u201cYo Emprendo Semilla\u201d del Fondo de Solidaridad e Inversi\u00f3n Social,\nFOSIS, servicio relacionado al Ministerio de Desarrollo Social y Familia.<\/p>\n\n\n\n<p>En esta oportunidad,\nbenefici\u00f3 a un total de 21 internos e internas del Complejo Penitenciario local, quienes pudieron iniciar oficios en\nrubros como muebler\u00eda, artesan\u00eda en madera,\nconfecci\u00f3n de cuadros y l\u00e1mparas de pvc, servicios de peluquer\u00eda, entre otros.<\/p>\n\n\n\n<p>La ceremonia de cierre del programa fue\nencabezada por la Secretaria Regional Ministerial (s) de Justicia y Derechos\nHumanos, Alejandra Mu\u00f1oz, quien entreg\u00f3 los certificados que reconocen el exitoso\npaso de los participantes en este proyecto.<\/p>\n\n\n\n<p>\u201cEstamos orgullosos de ver que tanto hombres\ncomo mujeres han podido obtener herramientas que, sin lugar a dudas,&nbsp; les van a servir para su futuro. El\npresidente Pi\u00f1era ha destacado la importancia de reinsertarles en la sociedad,\nporque el \u00e9xito de \u00e9sta no se basa en cu\u00e1ntas personas tengamos privadas de\nlibertad, sino que al contrario, se valora que puedan reinsertarse y ser un\naporte posterior a la situaci\u00f3n en que se encuentran actualmente\u201d, se\u00f1al\u00f3 Mu\u00f1oz.<\/p>\n\n\n\n<p>Por su parte, la directora regional (s) del\nFOSIS, Carla Cifuentes, explic\u00f3 que \u201ccomo servicio venimos desde el 2011\ntrabajando en convenio con Gendarmer\u00eda de Chile, lo que ha permitido capacitar\ny financiar decenas de emprendimientos, y tambi\u00e9n educarles financieramente a\npersonas que se encuentran privadas de libertad, entendiendo que la reinserci\u00f3n\nsocial es un proceso importante para quienes est\u00e1n internos para que el d\u00eda que\nsalgan a la sociedad puedan generar ingresos y puedan aportar a sus familias y\nmejorar su calidad de vida\u201d.<\/p>\n\n\n\n<p>Alejandro\nSald\u00eda es uno de internos que se dedica al rubro de peluquer\u00eda. \u201cImportante la\ninducci\u00f3n al proyecto, porque con m\u00e1quinas nuevas se puede hacer un trabajo m\u00e1s\nprolijo y mejor. La instrucci\u00f3n al nivel econ\u00f3mico, de financiamiento, ha sido\ntiempo de calidad donde pudimos aprender a hacer varias, no solamente\nperfeccionar la profesi\u00f3n o el oficio, sino que aprender a comunicarse, a\nahorrar el dinero\u201d.<\/p>\n\n\n\n<p>En su alocuci\u00f3n, el alcaide\ndel recinto, mayor Nelson Acevedo, agradeci\u00f3 la oportunidad entregada por FOSIS\ny comprometi\u00f3 esfuerzos para seguir brindando posibilidades a la poblaci\u00f3n\npenal.<\/p>\n\n\n\n<p>Esta formaci\u00f3n laboral para\npersonas privadas de libertad tiene por finalidad entregarles&nbsp; elementos b\u00e1sicos, tanto cognitivos como\nf\u00edsicos, para proyectar un trabajo independiente y puedan generar ingresos para\nellos y sus familias, tanto desde el recinto penal como una vez que se\nencuentren en el medio libre. La inversi\u00f3n del FOSIS super\u00f3 los 15 millones de\npesos y fue ejecutado por la consultora Brunswick. <\/p>\n","protected":false},"excerpt":{"rendered":"<p>Concretar una idea de negocio, por medio de capacitaciones, asesor\u00edas y financiamiento de bienes e insumos para ello, es el objetivo del programa \u201cYo Emprendo Semilla\u201d del Fondo de Solidaridad&#8230; <a class=\"read-more\" href=\"https:\/\/www.radiopresidenteibanez.cl\/web\/fomentan-el-emprendimiento-de-internos-del-complejo-penitenciario-de-punta-arenas\/\">Leer m\u00e1s<\/a><\/p>\n","protected":false},"author":2,"featured_media":9802,"comment_status":"closed","ping_status":"closed","sticky":false,"template":"","format":"standard","meta":{"footnotes":""},"categories":[1],"tags":[],"class_list":["post-9801","post","type-post","status-publish","format-standard","has-post-thumbnail","hentry","category-cronica"],"_links":{"self":[{"href":"https:\/\/www.radiopresidenteibanez.cl\/web\/wp-json\/wp\/v2\/posts\/9801","targetHints":{"allow":["GET"]}}],"collection":[{"href":"https:\/\/www.radiopresidenteibanez.cl\/web\/wp-json\/wp\/v2\/posts"}],"about":[{"href":"https:\/\/www.radiopresidenteibanez.cl\/web\/wp-json\/wp\/v2\/types\/post"}],"author":[{"embeddable":true,"href":"https:\/\/www.radiopresidenteibanez.cl\/web\/wp-json\/wp\/v2\/users\/2"}],"replies":[{"embeddable":true,"href":"https:\/\/www.radiopresidenteibanez.cl\/web\/wp-json\/wp\/v2\/comments?post=9801"}],"version-history":[{"count":0,"href":"https:\/\/www.radiopresidenteibanez.cl\/web\/wp-json\/wp\/v2\/posts\/9801\/revisions"}],"wp:featuredmedia":[{"embeddable":true,"href":"https:\/\/www.radiopresidenteibanez.cl\/web\/wp-json\/wp\/v2\/media\/9802"}],"wp:attachment":[{"href":"https:\/\/www.radiopresidenteibanez.cl\/web\/wp-json\/wp\/v2\/media?parent=9801"}],"wp:term":[{"taxonomy":"category","embeddable":true,"href":"https:\/\/www.radiopresidenteibanez.cl\/web\/wp-json\/wp\/v2\/categories?post=9801"},{"taxonomy":"post_tag","embeddable":true,"href":"https:\/\/www.radiopresidenteibanez.cl\/web\/wp-json\/wp\/v2\/tags?post=9801"}],"curies":[{"name":"wp","href":"https:\/\/api.w.org\/{rel}","templated":true}]}}