{"id":9797,"date":"2020-02-20T12:30:00","date_gmt":"2020-02-20T12:30:00","guid":{"rendered":"https:\/\/www.radiopresidenteibanez.cl\/web\/?p=9797"},"modified":"2020-02-20T12:30:04","modified_gmt":"2020-02-20T12:30:04","slug":"alcalde-de-natales-realiza-visita-a-la-localidad-de-puerto-eden","status":"publish","type":"post","link":"https:\/\/www.radiopresidenteibanez.cl\/web\/alcalde-de-natales-realiza-visita-a-la-localidad-de-puerto-eden\/","title":{"rendered":"ALCALDE DE NATALES REALIZA VISITA A LA LOCALIDAD DE PUERTO ED\u00c9N"},"content":{"rendered":"\n<p>Varias jornadas de acercamiento, di\u00e1logo y trabajo en terreno con las\nfamilias de Puerto Ed\u00e9n, sostuvo, recientemente el alcalde de la comuna de\nNatales, Fernando Paredes Mansilla. En la ocasi\u00f3n, se realiz\u00f3 por primera vez\nla asamblea \u201cPuerto Ed\u00e9n Participa\u201d para conocer las inquietudes de las\nfamilias, informar de los avances realizados y dar a conocer los futuros\nproyectos que est\u00e1n carpeta para dicha localidad.<\/p>\n\n\n\n<p>Las actividades estuvieron marcadas con la realizaci\u00f3n de tardes\nrecreativas para cada uno de los ni\u00f1os, jornadas de atenci\u00f3n municipal,\nreuniones de turismo y m\u00e1s de 15 atenciones kinesiol\u00f3gicas, destacando\nespirometr\u00edas, evaluaciones kin\u00e9sicas, kinesiterapias y atenciones domiciliarias.<\/p>\n\n\n\n<p>En la comitiva estuvo presente el alcalde; gobernador; el delegado municipal;\nlos concejales Jos\u00e9 Cuyul y Francisca Molinet; adem\u00e1s de los profesionales de\nsalud, comunitario, Secplan, turismo y Direcci\u00f3n de Desarrollo Comunitario, los\ncuales atendieron, respondieron y resolvieron dudas a los habitantes de Puerto\nEd\u00e9n.<\/p>\n\n\n\n<p>La m\u00e1xima autoridad comunal, se mostr\u00f3 contento por tener la oportunidad\nde visitar cada uno de los hogares de Puerto Ed\u00e9n, permiti\u00e9ndole tener una\nvisi\u00f3n completa para saber qu\u00e9 es lo que necesitan realmente los pobladores.\n\u201cHemos venido como equipo a preocuparnos en terreno de los problemas reales que\ntiene la gente de Puerto Ed\u00e9n. Creo que a prop\u00f3sito de la marea roja ellos\nten\u00edan una gran inquietud, de c\u00f3mo el municipio es capaz de responder en\nconjunto con el gobierno en una demanda de poder generar una fuente laboral,\nentendiendo que ellos con la marea roja han quedado en una situaci\u00f3n de\ncesant\u00eda bastante importante, y aqu\u00ed hemos logrado configurar una pronta\nsoluci\u00f3n\u201d.<\/p>\n\n\n\n<p>El edil natalino, se\u00f1al\u00f3 que pudo revisar distintos proyectos que vienen\npara Puerto Ed\u00e9n. \u201cHemos visto muchos detalles de proyectos que solamente hay\nque verlos ac\u00e1 en terreno y en conjunto con la gente. Yo creo que, lo que m\u00e1s\nvalora hoy d\u00eda la gente de Puerto Ed\u00e9n es esa capacidad de que hoy d\u00eda hemos\nhecho un ejercicio en donde la gente se ha sentido escuchada y ha planteado\ntodas sus visiones\u201d, destacando que como municipalidad y junto al gobernador\nest\u00e1n abrazando esta lluvia de ideas para dar respuesta a estos requerimientos.<\/p>\n\n\n\n<p>Adicionalmente a las atenciones municipales, asesor\u00edas y reuniones, se\nsuma la entrega de uniformes escolares para 17 ni\u00f1os de la localidad, adem\u00e1s de\nla realizaci\u00f3n de un c\u00f3ctel para la comunidad con el fin de compartir con ellos\nuna jornada recreativa en conmemoraci\u00f3n de su nuevo aniversario.<\/p>\n","protected":false},"excerpt":{"rendered":"<p>Varias jornadas de acercamiento, di\u00e1logo y trabajo en terreno con las familias de Puerto Ed\u00e9n, sostuvo, recientemente el alcalde de la comuna de Natales, Fernando Paredes Mansilla. En la ocasi\u00f3n,&#8230; <a class=\"read-more\" href=\"https:\/\/www.radiopresidenteibanez.cl\/web\/alcalde-de-natales-realiza-visita-a-la-localidad-de-puerto-eden\/\">Leer m\u00e1s<\/a><\/p>\n","protected":false},"author":2,"featured_media":9798,"comment_status":"closed","ping_status":"closed","sticky":false,"template":"","format":"standard","meta":{"footnotes":""},"categories":[1],"tags":[],"class_list":["post-9797","post","type-post","status-publish","format-standard","has-post-thumbnail","hentry","category-cronica"],"_links":{"self":[{"href":"https:\/\/www.radiopresidenteibanez.cl\/web\/wp-json\/wp\/v2\/posts\/9797","targetHints":{"allow":["GET"]}}],"collection":[{"href":"https:\/\/www.radiopresidenteibanez.cl\/web\/wp-json\/wp\/v2\/posts"}],"about":[{"href":"https:\/\/www.radiopresidenteibanez.cl\/web\/wp-json\/wp\/v2\/types\/post"}],"author":[{"embeddable":true,"href":"https:\/\/www.radiopresidenteibanez.cl\/web\/wp-json\/wp\/v2\/users\/2"}],"replies":[{"embeddable":true,"href":"https:\/\/www.radiopresidenteibanez.cl\/web\/wp-json\/wp\/v2\/comments?post=9797"}],"version-history":[{"count":0,"href":"https:\/\/www.radiopresidenteibanez.cl\/web\/wp-json\/wp\/v2\/posts\/9797\/revisions"}],"wp:featuredmedia":[{"embeddable":true,"href":"https:\/\/www.radiopresidenteibanez.cl\/web\/wp-json\/wp\/v2\/media\/9798"}],"wp:attachment":[{"href":"https:\/\/www.radiopresidenteibanez.cl\/web\/wp-json\/wp\/v2\/media?parent=9797"}],"wp:term":[{"taxonomy":"category","embeddable":true,"href":"https:\/\/www.radiopresidenteibanez.cl\/web\/wp-json\/wp\/v2\/categories?post=9797"},{"taxonomy":"post_tag","embeddable":true,"href":"https:\/\/www.radiopresidenteibanez.cl\/web\/wp-json\/wp\/v2\/tags?post=9797"}],"curies":[{"name":"wp","href":"https:\/\/api.w.org\/{rel}","templated":true}]}}