{"id":9794,"date":"2020-02-20T12:22:20","date_gmt":"2020-02-20T12:22:20","guid":{"rendered":"https:\/\/www.radiopresidenteibanez.cl\/web\/?p=9794"},"modified":"2020-02-20T12:22:26","modified_gmt":"2020-02-20T12:22:26","slug":"collera-patagonica-compite-en-el-rodeo-de-pucon-por-historico-cupo-para-el-nacional-en-rancagua-202","status":"publish","type":"post","link":"https:\/\/www.radiopresidenteibanez.cl\/web\/collera-patagonica-compite-en-el-rodeo-de-pucon-por-historico-cupo-para-el-nacional-en-rancagua-202\/","title":{"rendered":"COLLERA PATAGONICA COMPITE EN EL RODEO DE PUC\u00d3N  POR HIST\u00d3RICO CUPO PARA EL NACIONAL EN RANCAGUA 202"},"content":{"rendered":"\n<p>Este fin de semana se corre en el rodeo de Puc\u00f3n, en la serie criaderos del clasificatorio zonal sur,\u00a0la collera que representa a la Asociaci\u00f3n de Rodeo de Magallanes, Rodrigo Concha junto al actual campe\u00f3n de Chile Alfredo Diaz en las yeguas ES GUAPA Y DO\u00d1A FRAN, yeguas criadas en la Patagonia, en el Criadero Ayel\u00e9n.<\/p>\n\n\n\n<p>En este evento se concentran las 120 mejores colleras, desde Concepci\u00f3n al Sur. Este Rodeo da 27 cupos para el campeonato nacional en Rancagua 2020. Puc\u00f3n tiene una de las medialunas m\u00e1s grandes e importantes de Chile.<\/p>\n\n\n\n<p>La importancia que tiene este clasificatorio para la Regi\u00f3n, es que si clasifica la collera representante de Magallanes seria un hecho hist\u00f3rico, porque es la primera vez que quedar\u00eda una collera de la Asociaci\u00f3n de Rodeo de Magallanes clasificada de esta forma. Siempre ha ido como Asociaci\u00f3n invitada solamente. <\/p>\n","protected":false},"excerpt":{"rendered":"<p>Este fin de semana se corre en el rodeo de Puc\u00f3n, en la serie criaderos del clasificatorio zonal sur,\u00a0la collera que representa a la Asociaci\u00f3n de Rodeo de Magallanes, Rodrigo&#8230; <a class=\"read-more\" href=\"https:\/\/www.radiopresidenteibanez.cl\/web\/collera-patagonica-compite-en-el-rodeo-de-pucon-por-historico-cupo-para-el-nacional-en-rancagua-202\/\">Leer m\u00e1s<\/a><\/p>\n","protected":false},"author":2,"featured_media":9795,"comment_status":"closed","ping_status":"closed","sticky":false,"template":"","format":"standard","meta":{"footnotes":""},"categories":[1],"tags":[],"class_list":["post-9794","post","type-post","status-publish","format-standard","has-post-thumbnail","hentry","category-cronica"],"_links":{"self":[{"href":"https:\/\/www.radiopresidenteibanez.cl\/web\/wp-json\/wp\/v2\/posts\/9794","targetHints":{"allow":["GET"]}}],"collection":[{"href":"https:\/\/www.radiopresidenteibanez.cl\/web\/wp-json\/wp\/v2\/posts"}],"about":[{"href":"https:\/\/www.radiopresidenteibanez.cl\/web\/wp-json\/wp\/v2\/types\/post"}],"author":[{"embeddable":true,"href":"https:\/\/www.radiopresidenteibanez.cl\/web\/wp-json\/wp\/v2\/users\/2"}],"replies":[{"embeddable":true,"href":"https:\/\/www.radiopresidenteibanez.cl\/web\/wp-json\/wp\/v2\/comments?post=9794"}],"version-history":[{"count":0,"href":"https:\/\/www.radiopresidenteibanez.cl\/web\/wp-json\/wp\/v2\/posts\/9794\/revisions"}],"wp:featuredmedia":[{"embeddable":true,"href":"https:\/\/www.radiopresidenteibanez.cl\/web\/wp-json\/wp\/v2\/media\/9795"}],"wp:attachment":[{"href":"https:\/\/www.radiopresidenteibanez.cl\/web\/wp-json\/wp\/v2\/media?parent=9794"}],"wp:term":[{"taxonomy":"category","embeddable":true,"href":"https:\/\/www.radiopresidenteibanez.cl\/web\/wp-json\/wp\/v2\/categories?post=9794"},{"taxonomy":"post_tag","embeddable":true,"href":"https:\/\/www.radiopresidenteibanez.cl\/web\/wp-json\/wp\/v2\/tags?post=9794"}],"curies":[{"name":"wp","href":"https:\/\/api.w.org\/{rel}","templated":true}]}}