{"id":9763,"date":"2020-02-19T12:09:00","date_gmt":"2020-02-19T12:09:00","guid":{"rendered":"https:\/\/www.radiopresidenteibanez.cl\/web\/?p=9763"},"modified":"2020-02-19T12:09:04","modified_gmt":"2020-02-19T12:09:04","slug":"subsecretario-de-redes-asistenciales-enviara-equipo-tecnico-para-retomar-cuanto-antes-construccion-de-nuevo-sar-damianovic","status":"publish","type":"post","link":"https:\/\/www.radiopresidenteibanez.cl\/web\/subsecretario-de-redes-asistenciales-enviara-equipo-tecnico-para-retomar-cuanto-antes-construccion-de-nuevo-sar-damianovic\/","title":{"rendered":"SUBSECRETARIO DE REDES ASISTENCIALES ENVIAR\u00c1 EQUIPO T\u00c9CNICO PARA RETOMAR CUANTO ANTES CONSTRUCCI\u00d3N DE NUEVO SAR DAMIANOVIC"},"content":{"rendered":"\n<p>El subsecretario de Redes Asistenciales del Ministerio de Salud Arturo Z\u00fa\u00f1iga, se reuni\u00f3 con el alcalde de Punta Arenas Claudio Radonich, con el fin de conocer las problem\u00e1ticas surgidas para la continuidad de la construcci\u00f3n del nuevo Servicio de Atenci\u00f3n Primaria de Urgencia de Alta Resolutividad Dr. Juan Damianovic, luego de que la empresa mandatada para tales labores, abandonara las obras que estaba realizando en dicho lugar.<\/p>\n\n\n\n<p>En la ocasi\u00f3n, la primera autoridad comunal, le plante\u00f3 a Z\u00fa\u00f1iga la necesidad de que se revisen las alternativas para retomar cuanto antes la construcci\u00f3n del nuevo SAR Damianovic, pero que tambi\u00e9n es importante agilizar los proyectos de mejoramiento de los CESFAM 18 de septiembre y Mateo Bencur, los cuales han avanzado de forma muy lenta.<\/p>\n\n\n\n<p>Frente a ello, el subsecretario se comprometi\u00f3 a enviar durante el mes de marzo a un equipo t\u00e9cnico para la revisi\u00f3n y supervisi\u00f3n de los proyectos, adem\u00e1s de otorgar prioridad nacional para a las iniciativas comprometidas.<\/p>\n\n\n\n<p>\u201cAgradezco la disposici\u00f3n del Subsecretario Z\u00fa\u00f1iga y su equipo, para revisar los problemas que estamos teniendo en nuestra ciudad, tanto con el proceso de la construcci\u00f3n del SAR Damianovic como la demora en el mejoramiento de los consultorios, sobretodo en el barrio 18 de Septiembre y Mateo Bencur, pero tambi\u00e9n por la rebaja en los recursos para distintos programas que ejecutamos en los CECOSF (Centro Comunitario de Salud Familiar), los cuales esperamos, sean restituidos cuanto antes\u201d, explic\u00f3 Radonich.<\/p>\n\n\n\n<p>Ante esto, el Alcalde dijo estar esperanzado frente la respuesta del Subsecretario. \u201cEspero tener buenas y mejores noticias durante los pr\u00f3ximos d\u00edas, ya que esperamos que la cobertura y calidad de la Salud Municipal se mantenga en buen pie como ha sido la t\u00f3nica de los \u00faltimos tres a\u00f1os\u201d.<\/p>\n\n\n\n<p>En cuanto a los recursos recortados por el Servicio de Salud Magallanes al Servicio de Atenci\u00f3n Primaria de Urgencia del CESFAM Juan Damianovic y los Centros Comunitarios de Salud Familiar, el Subsecretario de Redes Asistenciales Arturo Z\u00fa\u00f1iga, se comprometi\u00f3 a reponerlos cuanto antes, garantizando las prestaciones para todos los usuarios de la comuna.<br><\/p>\n","protected":false},"excerpt":{"rendered":"<p>El subsecretario de Redes Asistenciales del Ministerio de Salud Arturo Z\u00fa\u00f1iga, se reuni\u00f3 con el alcalde de Punta Arenas Claudio Radonich, con el fin de conocer las problem\u00e1ticas surgidas para&#8230; <a class=\"read-more\" href=\"https:\/\/www.radiopresidenteibanez.cl\/web\/subsecretario-de-redes-asistenciales-enviara-equipo-tecnico-para-retomar-cuanto-antes-construccion-de-nuevo-sar-damianovic\/\">Leer m\u00e1s<\/a><\/p>\n","protected":false},"author":2,"featured_media":9764,"comment_status":"closed","ping_status":"closed","sticky":false,"template":"","format":"standard","meta":{"footnotes":""},"categories":[1],"tags":[],"class_list":["post-9763","post","type-post","status-publish","format-standard","has-post-thumbnail","hentry","category-cronica"],"_links":{"self":[{"href":"https:\/\/www.radiopresidenteibanez.cl\/web\/wp-json\/wp\/v2\/posts\/9763","targetHints":{"allow":["GET"]}}],"collection":[{"href":"https:\/\/www.radiopresidenteibanez.cl\/web\/wp-json\/wp\/v2\/posts"}],"about":[{"href":"https:\/\/www.radiopresidenteibanez.cl\/web\/wp-json\/wp\/v2\/types\/post"}],"author":[{"embeddable":true,"href":"https:\/\/www.radiopresidenteibanez.cl\/web\/wp-json\/wp\/v2\/users\/2"}],"replies":[{"embeddable":true,"href":"https:\/\/www.radiopresidenteibanez.cl\/web\/wp-json\/wp\/v2\/comments?post=9763"}],"version-history":[{"count":0,"href":"https:\/\/www.radiopresidenteibanez.cl\/web\/wp-json\/wp\/v2\/posts\/9763\/revisions"}],"wp:featuredmedia":[{"embeddable":true,"href":"https:\/\/www.radiopresidenteibanez.cl\/web\/wp-json\/wp\/v2\/media\/9764"}],"wp:attachment":[{"href":"https:\/\/www.radiopresidenteibanez.cl\/web\/wp-json\/wp\/v2\/media?parent=9763"}],"wp:term":[{"taxonomy":"category","embeddable":true,"href":"https:\/\/www.radiopresidenteibanez.cl\/web\/wp-json\/wp\/v2\/categories?post=9763"},{"taxonomy":"post_tag","embeddable":true,"href":"https:\/\/www.radiopresidenteibanez.cl\/web\/wp-json\/wp\/v2\/tags?post=9763"}],"curies":[{"name":"wp","href":"https:\/\/api.w.org\/{rel}","templated":true}]}}