{"id":9760,"date":"2020-02-19T12:05:33","date_gmt":"2020-02-19T12:05:33","guid":{"rendered":"https:\/\/www.radiopresidenteibanez.cl\/web\/?p=9760"},"modified":"2020-02-19T12:05:38","modified_gmt":"2020-02-19T12:05:38","slug":"fuerte-presencia-de-horticultores-regionales-y-una-muestra-de-esquila-rapida-internacional-seran-parte-de-la-version-no-68-de-expogama-2020","status":"publish","type":"post","link":"https:\/\/www.radiopresidenteibanez.cl\/web\/fuerte-presencia-de-horticultores-regionales-y-una-muestra-de-esquila-rapida-internacional-seran-parte-de-la-version-no-68-de-expogama-2020\/","title":{"rendered":"FUERTE PRESENCIA DE HORTICULTORES REGIONALES Y UNA MUESTRA DE ESQUILA R\u00c1PIDA INTERNACIONAL SER\u00c1N PARTE DE LA VERSI\u00d3N N\u00ba 68 DE EXPOGAMA 2020"},"content":{"rendered":"\n<p>Muchas novedades y grandes sorpresas traer\u00e1n la 68\u00aa versi\u00f3n de la Exposici\u00f3n Ganadera de Magallanes (Expogama) 2020, evento que se desarrollar\u00e1 entre el viernes 6 y el domingo 8 de marzo en las dependencias de la Asociaci\u00f3n Ganadera de Magallanes (Asogama), &nbsp;ubicada en&nbsp;<a href=\"https:\/\/www.google.com\/maps\/search\/Av.+Pdte.+Manuel+Bulnes+0977?entry=gmail&amp;source=g\" target=\"_blank\" rel=\"noreferrer noopener\">Av. Pdte. Manuel Bulnes 0977<\/a>, entre las 11.00 y las 19.00 horas.<\/p>\n\n\n\n<p>Este a\u00f1o junto a la tradicional exposici\u00f3n ganadera que contar\u00e1 con la participaci\u00f3n de quince planteles ovinos, con 283 animales y alrededor de seis planteles bovinos de las razas Angus y Hereford; la feria contar\u00e1 con zonas de juegos al aire libre, asado de cordero magall\u00e1nico, puestos de comida,<em>&nbsp;food trucks<\/em>, show folcl\u00f3rico, exposici\u00f3n canina y, por primera vez, una muestra de esquila r\u00e1pida, que es un circuito que se realiza entre Chile y Argentina.<\/p>\n\n\n\n<p>As\u00ed lo dio a conocer durante esta jornada el presidente del directorio de Asogama, Cristian Concha, quien se\u00f1al\u00f3 que la idea es abrir este evento, en esencia ganadero, de cara a la comunidad, como tambi\u00e9n apoyar y promover a los microempresarios regionales.<\/p>\n\n\n\n<p>\u201cSi bien esta es una feria que tiene un marco ganadero, nos hemos preocupado de hacerlo extensivo a la comunidad, de contar con varias atracciones para que toda la familia tenga un fin de semana de esparcimiento y, de paso, puedan conocer un poco m\u00e1s de cerca el quehacer del campo\u201d, coment\u00f3 el presidente de los ganaderos.<\/p>\n\n\n\n<p>La Expogama 2020 contar\u00e1 con una gran presencia de productores hort\u00edcolas de INDAP, quienes ofrecer\u00e1n sus mejores cultivos en los quince puestos que ya tienen confirmados, los cuales se dispondr\u00e1n al interior de una gran carpa que la organizaci\u00f3n del evento instalar\u00e1 en un \u00e1rea de 400 metros cuadrado, con capacidad para m\u00e1s de 30 stand.<\/p>\n\n\n\n<p>\u201cDesde ya dejamos invitados a todos a participar de esta Expogama 2020 para que vengan a pasarlo bien y, adem\u00e1s, tengan la posibilidad de adquirir productos regionales de primera calidad\u201d, destac\u00f3 Concha.<\/p>\n\n\n\n<p>Ya hay alrededor de veintis\u00e9is empresas y microempresas confirmadas al evento, entre ellas Patagonia Beef, con productos c\u00e1rnicos de elaboraci\u00f3n propia y el vino de los 500 a\u00f1os; Granja Magall\u00e1nica, con sus productos de campo; la empresa salmonera Blue River, que tendr\u00e1 a disposici\u00f3n la venta de salm\u00f3n Magall\u00e1nico; la innovadora marca cosm\u00e9tica K\u00e9nos, que ofrecer\u00e1 sus cremas a base de keratina de lana magall\u00e1nica y Abejita BB, con sus productos hipoalerg\u00e9nicos.<\/p>\n\n\n\n<p>Para quienes est\u00e9n interesados en participar como expositores, la organizaci\u00f3n del evento ha informado que a\u00fan quedan espacios disponibles dentro de la carpa, como tambi\u00e9n al aire libre. Para mayor informaci\u00f3n al respecto, contactarse a los correos:&nbsp;<a href=\"mailto:mery.ruiz@codesser.cl\" target=\"_blank\" rel=\"noreferrer noopener\">mery.ruiz@codesser.cl<\/a>&nbsp;\/&nbsp;<a href=\"mailto:daniela.tapia@codesser.cl\" target=\"_blank\" rel=\"noreferrer noopener\">daniela.tapia@codesser.cl<\/a><\/p>\n\n\n\n<p>Cabe reiterar que el evento se desarrollar\u00e1 entre el 6 y el 8 de marzo. Los d\u00edas 7 y 8 la entrada para p\u00fablico general tendr\u00e1 un valor de $2.500, ni\u00f1os menores de 12 a\u00f1os y adultos mayores, no pagan. En tanto, el viernes 6 de marzo, la entrada quedar\u00e1 liberada para todo p\u00fablico.<\/p>\n\n\n\n<p>\u201cLa invitaci\u00f3n est\u00e1 hecha para que vengan a disfrutar, a degustar del m\u00e1s sabroso asado de cordero a un precio accesible, como tambi\u00e9n de la muestra canina, la animaci\u00f3n en vivo y grupos folcl\u00f3ricos, entre otras entretenciones\u201d, finaliz\u00f3 el presidente de Asogama, Cristian Concha.<\/p>\n","protected":false},"excerpt":{"rendered":"<p>Muchas novedades y grandes sorpresas traer\u00e1n la 68\u00aa versi\u00f3n de la Exposici\u00f3n Ganadera de Magallanes (Expogama) 2020, evento que se desarrollar\u00e1 entre el viernes 6 y el domingo 8 de&#8230; <a class=\"read-more\" href=\"https:\/\/www.radiopresidenteibanez.cl\/web\/fuerte-presencia-de-horticultores-regionales-y-una-muestra-de-esquila-rapida-internacional-seran-parte-de-la-version-no-68-de-expogama-2020\/\">Leer m\u00e1s<\/a><\/p>\n","protected":false},"author":2,"featured_media":9761,"comment_status":"closed","ping_status":"closed","sticky":false,"template":"","format":"standard","meta":{"footnotes":""},"categories":[1],"tags":[],"class_list":["post-9760","post","type-post","status-publish","format-standard","has-post-thumbnail","hentry","category-cronica"],"_links":{"self":[{"href":"https:\/\/www.radiopresidenteibanez.cl\/web\/wp-json\/wp\/v2\/posts\/9760","targetHints":{"allow":["GET"]}}],"collection":[{"href":"https:\/\/www.radiopresidenteibanez.cl\/web\/wp-json\/wp\/v2\/posts"}],"about":[{"href":"https:\/\/www.radiopresidenteibanez.cl\/web\/wp-json\/wp\/v2\/types\/post"}],"author":[{"embeddable":true,"href":"https:\/\/www.radiopresidenteibanez.cl\/web\/wp-json\/wp\/v2\/users\/2"}],"replies":[{"embeddable":true,"href":"https:\/\/www.radiopresidenteibanez.cl\/web\/wp-json\/wp\/v2\/comments?post=9760"}],"version-history":[{"count":0,"href":"https:\/\/www.radiopresidenteibanez.cl\/web\/wp-json\/wp\/v2\/posts\/9760\/revisions"}],"wp:featuredmedia":[{"embeddable":true,"href":"https:\/\/www.radiopresidenteibanez.cl\/web\/wp-json\/wp\/v2\/media\/9761"}],"wp:attachment":[{"href":"https:\/\/www.radiopresidenteibanez.cl\/web\/wp-json\/wp\/v2\/media?parent=9760"}],"wp:term":[{"taxonomy":"category","embeddable":true,"href":"https:\/\/www.radiopresidenteibanez.cl\/web\/wp-json\/wp\/v2\/categories?post=9760"},{"taxonomy":"post_tag","embeddable":true,"href":"https:\/\/www.radiopresidenteibanez.cl\/web\/wp-json\/wp\/v2\/tags?post=9760"}],"curies":[{"name":"wp","href":"https:\/\/api.w.org\/{rel}","templated":true}]}}