{"id":9744,"date":"2020-02-18T02:05:01","date_gmt":"2020-02-18T02:05:01","guid":{"rendered":"https:\/\/www.radiopresidenteibanez.cl\/web\/?p=9744"},"modified":"2020-02-18T02:05:05","modified_gmt":"2020-02-18T02:05:05","slug":"ya-puedes-postular-a-la-5-edicion-del-concurso-margot-loyola-premio-a-la-musica-de-raiz","status":"publish","type":"post","link":"https:\/\/www.radiopresidenteibanez.cl\/web\/ya-puedes-postular-a-la-5-edicion-del-concurso-margot-loyola-premio-a-la-musica-de-raiz\/","title":{"rendered":"YA PUEDES POSTULAR A LA 5\u00b0 EDICI\u00d3N DEL CONCURSO \u201cMARGOT LOYOLA: PREMIO A LA M\u00daSICA DE RA\u00cdZ\u201d"},"content":{"rendered":"\n<p><strong>Desde\nhoy y hasta las 14:00 horas del jueves 9 de julio de 2020, se puede postular a\neste certamen que busca preservar el legado musical de la gran maestra del\nfolclor chileno y proyectar el valor de su trabajo en la investigaci\u00f3n,\ncreaci\u00f3n y difusi\u00f3n de nuestras tradiciones.<\/strong><\/p>\n\n\n\n<p>Ya se encuentra abierta la convocatoria para participar de la\nquinta edici\u00f3n del concurso&nbsp;<strong>\u201cMargot Loyola: Premio a la M\u00fasica de Ra\u00edz\u201d<\/strong>,\ninstancia promovida y organizada por la&nbsp;<strong>Sociedad\nChilena de Autores e Int\u00e9rpretes Musicales \u2013SCD-<\/strong>&nbsp;y que tiene\ncomo principal objetivo estimular el trabajo creativo de m\u00fasicos y m\u00fasicas en\nhomenaje a la memoria de Margot Loyola Palacios.<\/p>\n\n\n\n<p>La recepci\u00f3n de las obras se inici\u00f3<strong>&nbsp;este lunes 17 de febrero y se extender\u00e1 hasta el viernes 9 de\njulio.&nbsp;<\/strong>Podr\u00e1n participar \u00e9l&nbsp;o los autores, chilenos o\nextranjeros residentes en Chile, presentando&nbsp;<strong>composiciones&nbsp;in\u00e9ditas y con una tem\u00e1tica libre, pero con el\nrequisito de contener un genuino apego a la m\u00fasica de ra\u00edz folcl\u00f3rica<\/strong>.<\/p>\n\n\n\n<p>Las postulaciones se pueden realizar online a trav\u00e9s del\nformulario web disponible en&nbsp;<a href=\"http:\/\/tracker.cl1.fidelizador.com\/LF4D15FGA9C97DA1H100D493FF81C68JC4616B76DEKF4D15F5BA63E5F03A0708FBA616D62D8\" target=\"_blank\" rel=\"noreferrer noopener\">www.scd.cl<\/a>&nbsp;o entregar personalmente, por\nmedio de correo certificado, en Bernarda Mor\u00edn 440, Providencia, Santiago.<\/p>\n\n\n\n<p>Las 10 obras seleccionadas, que ser\u00e1n definidas por un jurado\nespecializado, adem\u00e1s de recibir un premio en dinero, ser\u00e1n parte de una\nproducci\u00f3n discogr\u00e1fica compilatoria, editada y publicada por SCD bajo el\nnombre Margot Loyola \u2013 Premio a la M\u00fasica de Ra\u00edz , que en esta versi\u00f3n\nalcanzar\u00e1 su quinto volumen.<\/p>\n\n\n\n<p>Todos los detalles sobre los requisitos y&nbsp;<a href=\"http:\/\/tracker.cl1.fidelizador.com\/LF4D15FGA9C97DA1H100D493FF81C68JC4616B76CDKF4D15F5BA63E5F03A0708FBA616D62D8\" target=\"_blank\" rel=\"noreferrer noopener\">bases del concurso<\/a>&nbsp;se encuentran en&nbsp;<a href=\"http:\/\/tracker.cl1.fidelizador.com\/LF4D15FGA9C97DA1H100D493FF81C68JC4616B7678KF4D15F5BA63E5F03A0708FBA616D62D8\" target=\"_blank\" rel=\"noreferrer noopener\">SCD<\/a>.<\/p>\n\n\n\n<p>Si tienes consultas escribe un correo a&nbsp;<a href=\"mailto:concursomargotloyola@gmail.com\" target=\"_blank\" rel=\"noreferrer noopener\">concursomargotloyola@gmail.com<\/a><\/p>\n","protected":false},"excerpt":{"rendered":"<p>Desde hoy y hasta las 14:00 horas del jueves 9 de julio de 2020, se puede postular a este certamen que busca preservar el legado musical de la gran maestra&#8230; <a class=\"read-more\" href=\"https:\/\/www.radiopresidenteibanez.cl\/web\/ya-puedes-postular-a-la-5-edicion-del-concurso-margot-loyola-premio-a-la-musica-de-raiz\/\">Leer m\u00e1s<\/a><\/p>\n","protected":false},"author":2,"featured_media":9745,"comment_status":"closed","ping_status":"closed","sticky":false,"template":"","format":"standard","meta":{"footnotes":""},"categories":[4],"tags":[],"class_list":["post-9744","post","type-post","status-publish","format-standard","has-post-thumbnail","hentry","category-entretenimiento-y-cultura"],"_links":{"self":[{"href":"https:\/\/www.radiopresidenteibanez.cl\/web\/wp-json\/wp\/v2\/posts\/9744","targetHints":{"allow":["GET"]}}],"collection":[{"href":"https:\/\/www.radiopresidenteibanez.cl\/web\/wp-json\/wp\/v2\/posts"}],"about":[{"href":"https:\/\/www.radiopresidenteibanez.cl\/web\/wp-json\/wp\/v2\/types\/post"}],"author":[{"embeddable":true,"href":"https:\/\/www.radiopresidenteibanez.cl\/web\/wp-json\/wp\/v2\/users\/2"}],"replies":[{"embeddable":true,"href":"https:\/\/www.radiopresidenteibanez.cl\/web\/wp-json\/wp\/v2\/comments?post=9744"}],"version-history":[{"count":0,"href":"https:\/\/www.radiopresidenteibanez.cl\/web\/wp-json\/wp\/v2\/posts\/9744\/revisions"}],"wp:featuredmedia":[{"embeddable":true,"href":"https:\/\/www.radiopresidenteibanez.cl\/web\/wp-json\/wp\/v2\/media\/9745"}],"wp:attachment":[{"href":"https:\/\/www.radiopresidenteibanez.cl\/web\/wp-json\/wp\/v2\/media?parent=9744"}],"wp:term":[{"taxonomy":"category","embeddable":true,"href":"https:\/\/www.radiopresidenteibanez.cl\/web\/wp-json\/wp\/v2\/categories?post=9744"},{"taxonomy":"post_tag","embeddable":true,"href":"https:\/\/www.radiopresidenteibanez.cl\/web\/wp-json\/wp\/v2\/tags?post=9744"}],"curies":[{"name":"wp","href":"https:\/\/api.w.org\/{rel}","templated":true}]}}