{"id":9739,"date":"2020-02-18T01:57:42","date_gmt":"2020-02-18T01:57:42","guid":{"rendered":"https:\/\/www.radiopresidenteibanez.cl\/web\/?p=9739"},"modified":"2020-02-18T01:57:46","modified_gmt":"2020-02-18T01:57:46","slug":"postulaciones-a-gratuidad-para-educacion-superior-a-traves-del-fuas-2020-vence-el-13-de-marzo","status":"publish","type":"post","link":"https:\/\/www.radiopresidenteibanez.cl\/web\/postulaciones-a-gratuidad-para-educacion-superior-a-traves-del-fuas-2020-vence-el-13-de-marzo\/","title":{"rendered":"POSTULACIONES A GRATUIDAD PARA EDUCACI\u00d3N SUPERIOR A TRAV\u00c9S DEL FUAS 2020 VENCE EL 13 DE MARZO"},"content":{"rendered":"\n<p>Hasta\nel 13 de marzo se extender\u00e1 el segundo periodo de postulaci\u00f3n a beneficios\nestudiantiles orientados a asignar y renovar gratuidad, becas de arancel\nestatales y el cr\u00e9dito del Fondo Solidario, destinados a alumnos de educaci\u00f3n\nsuperior con rendimiento acad\u00e9mico meritorio, que por su situaci\u00f3n\nsocioecon\u00f3mica requieren apoyo para financiar sus estudios.<strong><\/strong><\/p>\n\n\n\n<p>As\u00ed\nlo dieron a conocer esta ma\u00f1ana el Secretario Regional Ministerial de Educaci\u00f3n\ny el Rector del Centro de Formaci\u00f3n T\u00e9cnica Estatal Christian Quezada quienes informaron\nel mecanismo de postulaci\u00f3n a trav\u00e9s de la plataforma digital <a href=\"http:\/\/www.fuas.cl\">www.fuas.cl<\/a>, portal\ndonde es posible realizar \u00edntegramente la postulaci\u00f3n en l\u00ednea mediante el\nformulario \u00fanico de acreditaci\u00f3n socioecon\u00f3mica. <\/p>\n\n\n\n<p>Las\nautoridades enfatizaron que a esta postulaci\u00f3n puede acceder cualquier\nciudadano chileno, extranjero con permanencia definitiva, o extranjero con\nresidencia que haya cursado la ense\u00f1anza media completa en Chile o bien\nrevalidada por los organismos p\u00fablicos pertinentes.<\/p>\n\n\n\n<p>\u201cLlamamos\na los estudiantes y postulantes de la regi\u00f3n a iniciar este proceso para que\nninguno quede afuera y pueda cumplir sus sue\u00f1os de estudiar una carrera en\nEducaci\u00f3n Superior. Con esto, estamos trabajando para que todos los estudiantes\nprovenientes de los sectores socioecon\u00f3micos m\u00e1s vulnerables, que tengan las\ncondiciones y aptitudes para ingresar a la educaci\u00f3n superior lo puedan hacer y\nse sumen a los m\u00e1s de 790 mil j\u00f3venes que hasta el a\u00f1o pasado contaban con\nalg\u00fan tipo de beneficio estudiantil a nivel nacional\u201d, se\u00f1al\u00f3 el <strong>Seremi de\nEducaci\u00f3n de Magallanes Rodrigo Sep\u00falveda.<\/strong><\/p>\n\n\n\n<p>Por\nsu parte <strong>Christian Quezada, Rector de Centro de Formaci\u00f3n T\u00e9cnica Estatal de\nla Regi\u00f3n<\/strong> indic\u00f3 que el CFT de Magallanes \u201ccentra su base institucional en\ndar la oportunidad a toda persona de la regi\u00f3n, joven o adulto que quiera\nformarse en nuestra instituci\u00f3n estatal y tener m\u00e1s oportunidades laborales,\nreconvertirse y mejorar su calidad de vida, pueda hacerlo y que el\nfinanciamiento de su carrera no sea un impedimento para lograrlo, por tanto,\npuede hacer uso de todos estos beneficios en la instituci\u00f3n\u201d.<\/p>\n\n\n\n<p>Respecto a la oportunidad de postular a beneficios\npara quienes ingresen al CFT de Magallanes su rector explic\u00f3: \u201cnuestra\ninstituci\u00f3n inicia sus clases el d\u00eda 30 de marzo y es una instituci\u00f3n p\u00fablica\nestatal, por tanto estamos adscritos a todos los beneficios que hoy en d\u00eda\njustamente ofrece el Estado desde gratuidad hasta todos los tipos de becas y\nbeneficios hasta cr\u00e9ditos que hoy est\u00e1n disponibles para que nuestros\nestudiantes y cualquier postulante, no importa la edad, pueda cumplir sus\nsue\u00f1os de estudiar una carrera de la educaci\u00f3n superior\u201d.<\/p>\n\n\n\n<p>Para\ncompletar el formulario, deben ingresar a la plataforma <a href=\"http:\/\/www.fuas.cl\">www.fuas.cl<\/a> hasta el <strong>viernes 13 de marzo, a las 14 horas. <\/strong>Adem\u00e1s,\npodr\u00e1n hacer sus consultas a trav\u00e9s del call center de Ayuda Mineduc en el\ntel\u00e9fono 600 600 2626, o en el fan page \u201cEstudiar es mi Derecho\u201d <a href=\"https:\/\/www.facebook.com\/estudiaresmiderecho\/\">https:\/\/www.facebook.com\/estudiaresmiderecho\/<\/a>.<\/p>\n\n\n\n<p>Por\notra parte, ayer se inform\u00f3 sobre el resultado de la preselecci\u00f3n de beneficios\nestudiantiles que, para estos efectos, consider\u00f3 los resultados de la PSU 2019.\nAsimismo, el Mineduc destac\u00f3 que el pr\u00f3ximo 6 de marzo se har\u00e1 una\nactualizaci\u00f3n de la preselecci\u00f3n de beneficiarios, en la que se incluir\u00e1n\ntambi\u00e9n los resultados de la PSU 2020.<\/p>\n\n\n\n<p><strong>Acerca\ndel procedimiento de postulaci\u00f3n<\/strong><strong><\/strong><\/p>\n\n\n\n<p>Mediante\nuna simulaci\u00f3n de postulaci\u00f3n al FUAS se demostr\u00f3 que es posible acceder a todas\nlas becas de arancel del Ministerio de Educaci\u00f3n, la beca de mantenci\u00f3n BAES de\nla Junaeb y la opci\u00f3n del cr\u00e9dito con aval del Estado, en caso de aceptarlo el\nestudiante.<\/p>\n\n\n\n<p>El\nFUAS se completa en tres partes para poder acceder a los beneficios. Una son\nlos datos personales del estudiante, as\u00ed mismo debe facilitar los datos del\ngrupo familiar y por \u00faltimo los ingresos del grupo familiar. Finalmente la\npersona deber\u00e1 indicar su rut y contrase\u00f1a para postular. El sistema le\narrojar\u00e1 un comprobante de postulaci\u00f3n el cual de igual manera ser\u00e1 enviado al\ncorreo electr\u00f3nico que inform\u00f3 el postulante al momento de crear su cuenta.<\/p>\n\n\n\n<p>Los\nresultados de la postulaci\u00f3n a los beneficios estar\u00e1n en mayo (preselecci\u00f3n)\nesto quiere decir los beneficios a los que puede optar la persona y la\nasignaci\u00f3n (beca otorgada, con el monto) ser\u00e1 en julio.<\/p>\n\n\n\n<p><strong>Tips para una buena postulaci\u00f3n<\/strong><\/p>\n\n\n\n<p>Durante\nla conferencia de prensa las autoridades enfatizaron en algunos lineamientos\nclave para realizar una correcta postulaci\u00f3n <\/p>\n\n\n\n<ol class=\"wp-block-list\"><li>Indicar un correo electr\u00f3nico que tengan acceso<\/li><li>Conocer nuestro registro social de hogares y saber las\npersonas que est\u00e1n en \u00e9l.<\/li><li>Conocer los ingresos y ser exactos, indicar todos los\ningresos, aunque haya sido un mes.<\/li><li>Los ingresos se pueden solicitar en la AFP pidiendo las \u00faltimas\n24 cotizaciones con remuneraciones.<\/li><li>Comprobar la postulaci\u00f3n mediante el comprobante que\narroja el sistema.<\/li><li>Tener nuestras notas en la base de datos del Ministerio\nde Educaci\u00f3n www.ayudamineduc.cl <\/li><li>Hacer una real postulaci\u00f3n para evitar la acreditaci\u00f3n\nsocioecon\u00f3mica.<\/li><\/ol>\n","protected":false},"excerpt":{"rendered":"<p>Hasta el 13 de marzo se extender\u00e1 el segundo periodo de postulaci\u00f3n a beneficios estudiantiles orientados a asignar y renovar gratuidad, becas de arancel estatales y el cr\u00e9dito del Fondo&#8230; <a class=\"read-more\" href=\"https:\/\/www.radiopresidenteibanez.cl\/web\/postulaciones-a-gratuidad-para-educacion-superior-a-traves-del-fuas-2020-vence-el-13-de-marzo\/\">Leer m\u00e1s<\/a><\/p>\n","protected":false},"author":2,"featured_media":9740,"comment_status":"closed","ping_status":"closed","sticky":false,"template":"","format":"standard","meta":{"footnotes":""},"categories":[1],"tags":[],"class_list":["post-9739","post","type-post","status-publish","format-standard","has-post-thumbnail","hentry","category-cronica"],"_links":{"self":[{"href":"https:\/\/www.radiopresidenteibanez.cl\/web\/wp-json\/wp\/v2\/posts\/9739","targetHints":{"allow":["GET"]}}],"collection":[{"href":"https:\/\/www.radiopresidenteibanez.cl\/web\/wp-json\/wp\/v2\/posts"}],"about":[{"href":"https:\/\/www.radiopresidenteibanez.cl\/web\/wp-json\/wp\/v2\/types\/post"}],"author":[{"embeddable":true,"href":"https:\/\/www.radiopresidenteibanez.cl\/web\/wp-json\/wp\/v2\/users\/2"}],"replies":[{"embeddable":true,"href":"https:\/\/www.radiopresidenteibanez.cl\/web\/wp-json\/wp\/v2\/comments?post=9739"}],"version-history":[{"count":0,"href":"https:\/\/www.radiopresidenteibanez.cl\/web\/wp-json\/wp\/v2\/posts\/9739\/revisions"}],"wp:featuredmedia":[{"embeddable":true,"href":"https:\/\/www.radiopresidenteibanez.cl\/web\/wp-json\/wp\/v2\/media\/9740"}],"wp:attachment":[{"href":"https:\/\/www.radiopresidenteibanez.cl\/web\/wp-json\/wp\/v2\/media?parent=9739"}],"wp:term":[{"taxonomy":"category","embeddable":true,"href":"https:\/\/www.radiopresidenteibanez.cl\/web\/wp-json\/wp\/v2\/categories?post=9739"},{"taxonomy":"post_tag","embeddable":true,"href":"https:\/\/www.radiopresidenteibanez.cl\/web\/wp-json\/wp\/v2\/tags?post=9739"}],"curies":[{"name":"wp","href":"https:\/\/api.w.org\/{rel}","templated":true}]}}