{"id":9709,"date":"2020-02-16T19:34:24","date_gmt":"2020-02-16T19:34:24","guid":{"rendered":"https:\/\/www.radiopresidenteibanez.cl\/web\/?p=9709"},"modified":"2020-02-16T19:34:28","modified_gmt":"2020-02-16T19:34:28","slug":"incendio-consumio-en-un-80-vivienda-en-la-poblacion-fitz-roy-en-punta-arenas","status":"publish","type":"post","link":"https:\/\/www.radiopresidenteibanez.cl\/web\/incendio-consumio-en-un-80-vivienda-en-la-poblacion-fitz-roy-en-punta-arenas\/","title":{"rendered":"INCENDIO CONSUMI\u00d3 EN UN 80% VIVIENDA EN LA POBLACI\u00d3N FITZ ROY EN PUNTA ARENAS"},"content":{"rendered":"\n<p>En horas de esta ma\u00f1ana, hasta calle Los Coigues entre Pedro\nAguirre Cerda y Las Heras, debieron concurrir voluntarios de tres compa\u00f1\u00edas de\nBomberos quienes debieron trabajar en la extinci\u00f3n del fuego que consumi\u00f3 una vivienda\nen un 80%<\/p>\n\n\n\n<p>En la oportunidad al interior del hogar hab\u00eda dos menores,\nlos cuales lograron salir por una ventana y afortunadamente solo presentando\nlesiones de car\u00e1cter leves.<\/p>\n","protected":false},"excerpt":{"rendered":"<p>En horas de esta ma\u00f1ana, hasta calle Los Coigues entre Pedro Aguirre Cerda y Las Heras, debieron concurrir voluntarios de tres compa\u00f1\u00edas de Bomberos quienes debieron trabajar en la extinci\u00f3n&#8230; <a class=\"read-more\" href=\"https:\/\/www.radiopresidenteibanez.cl\/web\/incendio-consumio-en-un-80-vivienda-en-la-poblacion-fitz-roy-en-punta-arenas\/\">Leer m\u00e1s<\/a><\/p>\n","protected":false},"author":2,"featured_media":9710,"comment_status":"closed","ping_status":"closed","sticky":false,"template":"","format":"standard","meta":{"footnotes":""},"categories":[1],"tags":[],"class_list":["post-9709","post","type-post","status-publish","format-standard","has-post-thumbnail","hentry","category-cronica"],"_links":{"self":[{"href":"https:\/\/www.radiopresidenteibanez.cl\/web\/wp-json\/wp\/v2\/posts\/9709","targetHints":{"allow":["GET"]}}],"collection":[{"href":"https:\/\/www.radiopresidenteibanez.cl\/web\/wp-json\/wp\/v2\/posts"}],"about":[{"href":"https:\/\/www.radiopresidenteibanez.cl\/web\/wp-json\/wp\/v2\/types\/post"}],"author":[{"embeddable":true,"href":"https:\/\/www.radiopresidenteibanez.cl\/web\/wp-json\/wp\/v2\/users\/2"}],"replies":[{"embeddable":true,"href":"https:\/\/www.radiopresidenteibanez.cl\/web\/wp-json\/wp\/v2\/comments?post=9709"}],"version-history":[{"count":0,"href":"https:\/\/www.radiopresidenteibanez.cl\/web\/wp-json\/wp\/v2\/posts\/9709\/revisions"}],"wp:featuredmedia":[{"embeddable":true,"href":"https:\/\/www.radiopresidenteibanez.cl\/web\/wp-json\/wp\/v2\/media\/9710"}],"wp:attachment":[{"href":"https:\/\/www.radiopresidenteibanez.cl\/web\/wp-json\/wp\/v2\/media?parent=9709"}],"wp:term":[{"taxonomy":"category","embeddable":true,"href":"https:\/\/www.radiopresidenteibanez.cl\/web\/wp-json\/wp\/v2\/categories?post=9709"},{"taxonomy":"post_tag","embeddable":true,"href":"https:\/\/www.radiopresidenteibanez.cl\/web\/wp-json\/wp\/v2\/tags?post=9709"}],"curies":[{"name":"wp","href":"https:\/\/api.w.org\/{rel}","templated":true}]}}