{"id":97,"date":"2018-12-25T14:58:07","date_gmt":"2018-12-25T14:58:07","guid":{"rendered":"http:\/\/www.radiopresidenteibanez.cl\/web\/?p=97"},"modified":"2018-12-25T14:58:40","modified_gmt":"2018-12-25T14:58:40","slug":"200-metros-cubicos-de-cachureos-fueron-retirados-desde-el-barrio-croata","status":"publish","type":"post","link":"https:\/\/www.radiopresidenteibanez.cl\/web\/200-metros-cubicos-de-cachureos-fueron-retirados-desde-el-barrio-croata\/","title":{"rendered":"200 METROS C\u00daBICOS DE CACHUREOS FUERON RETIRADOS DESDE EL BARRIO CROATA"},"content":{"rendered":"\n<p>Como ya es costumbre, la Campa\u00f1a Punta Arenas Retira Cachureos realiz\u00f3 un nuevo operativo, esta vez en el Barrio Croata, llegando a un total de 250 hogares beneficiados en dicho sector de la ciudad.<\/p>\n\n\n\n<p>El balance de lo retirado en el Barrio Croata, indica que se retiraron 200 metros c\u00fabicos de Cachureos entre enseres domiciliarios de todo tipo en completo orden y respetando las normas de la campa\u00f1a, que proh\u00edbe el despeje de Bater\u00eda, Neum\u00e1ticos y Escombros.<\/p>\n\n\n\n<p>Hasta ahora, en lo que va de la campa\u00f1a iniciada en enero de este a\u00f1o, se han retirado cerca de 12 mil metros c\u00fabicos beneficiando a 24 mil hogares de la comuna.<\/p>\n\n\n\n<p>Para el pr\u00f3ximo d\u00eda 26 de diciembre est\u00e1 programado el retiro en la Poblaci\u00f3n Manuel Rodr\u00edguez en el cuadrante: Mart\u00ednez de Aldunate, Rancagua, Avenida Independencia y Francisco Javier Reyna.<\/p>\n","protected":false},"excerpt":{"rendered":"<p>Como ya es costumbre, la Campa\u00f1a Punta Arenas Retira Cachureos realiz\u00f3 un nuevo operativo, esta vez en el Barrio Croata, llegando a un total de 250 hogares beneficiados en dicho&#8230; <a class=\"read-more\" href=\"https:\/\/www.radiopresidenteibanez.cl\/web\/200-metros-cubicos-de-cachureos-fueron-retirados-desde-el-barrio-croata\/\">Leer m\u00e1s<\/a><\/p>\n","protected":false},"author":2,"featured_media":98,"comment_status":"closed","ping_status":"closed","sticky":false,"template":"","format":"standard","meta":{"footnotes":""},"categories":[1],"tags":[],"class_list":["post-97","post","type-post","status-publish","format-standard","has-post-thumbnail","hentry","category-cronica"],"_links":{"self":[{"href":"https:\/\/www.radiopresidenteibanez.cl\/web\/wp-json\/wp\/v2\/posts\/97","targetHints":{"allow":["GET"]}}],"collection":[{"href":"https:\/\/www.radiopresidenteibanez.cl\/web\/wp-json\/wp\/v2\/posts"}],"about":[{"href":"https:\/\/www.radiopresidenteibanez.cl\/web\/wp-json\/wp\/v2\/types\/post"}],"author":[{"embeddable":true,"href":"https:\/\/www.radiopresidenteibanez.cl\/web\/wp-json\/wp\/v2\/users\/2"}],"replies":[{"embeddable":true,"href":"https:\/\/www.radiopresidenteibanez.cl\/web\/wp-json\/wp\/v2\/comments?post=97"}],"version-history":[{"count":0,"href":"https:\/\/www.radiopresidenteibanez.cl\/web\/wp-json\/wp\/v2\/posts\/97\/revisions"}],"wp:featuredmedia":[{"embeddable":true,"href":"https:\/\/www.radiopresidenteibanez.cl\/web\/wp-json\/wp\/v2\/media\/98"}],"wp:attachment":[{"href":"https:\/\/www.radiopresidenteibanez.cl\/web\/wp-json\/wp\/v2\/media?parent=97"}],"wp:term":[{"taxonomy":"category","embeddable":true,"href":"https:\/\/www.radiopresidenteibanez.cl\/web\/wp-json\/wp\/v2\/categories?post=97"},{"taxonomy":"post_tag","embeddable":true,"href":"https:\/\/www.radiopresidenteibanez.cl\/web\/wp-json\/wp\/v2\/tags?post=97"}],"curies":[{"name":"wp","href":"https:\/\/api.w.org\/{rel}","templated":true}]}}