{"id":9675,"date":"2020-02-13T17:36:13","date_gmt":"2020-02-13T17:36:13","guid":{"rendered":"https:\/\/www.radiopresidenteibanez.cl\/web\/?p=9675"},"modified":"2020-02-13T17:36:18","modified_gmt":"2020-02-13T17:36:18","slug":"dos-hombres-fueron-detenidos-por-la-pdi-con-914-comprimidos-de-extasis-y-62-gramos-de-marihuana","status":"publish","type":"post","link":"https:\/\/www.radiopresidenteibanez.cl\/web\/dos-hombres-fueron-detenidos-por-la-pdi-con-914-comprimidos-de-extasis-y-62-gramos-de-marihuana\/","title":{"rendered":"DOS HOMBRES FUERON DETENIDOS POR LA PDI, CON 914 COMPRIMIDOS DE \u00c9XTASIS Y 62 GRAMOS DE MARIHUANA"},"content":{"rendered":"\n<p>Dos hombres de 22 y 23 a\u00f1os fueron detenidos por personal de la Polic\u00eda de Investigaciones de Punta Arenas, con 914 comprimidos de \u00e9xtasis lo que se convierte en el decomiso de esta droga m\u00e1s grande de la regi\u00f3n de Magallanes y 62 gramos de marihuana.<\/p>\n","protected":false},"excerpt":{"rendered":"<p>Dos hombres de 22 y 23 a\u00f1os fueron detenidos por personal de la Polic\u00eda de Investigaciones de Punta Arenas, con 914 comprimidos de \u00e9xtasis lo que se convierte en el&#8230; <a class=\"read-more\" href=\"https:\/\/www.radiopresidenteibanez.cl\/web\/dos-hombres-fueron-detenidos-por-la-pdi-con-914-comprimidos-de-extasis-y-62-gramos-de-marihuana\/\">Leer m\u00e1s<\/a><\/p>\n","protected":false},"author":2,"featured_media":9676,"comment_status":"closed","ping_status":"closed","sticky":false,"template":"","format":"standard","meta":{"footnotes":""},"categories":[6],"tags":[],"class_list":["post-9675","post","type-post","status-publish","format-standard","has-post-thumbnail","hentry","category-policial"],"_links":{"self":[{"href":"https:\/\/www.radiopresidenteibanez.cl\/web\/wp-json\/wp\/v2\/posts\/9675","targetHints":{"allow":["GET"]}}],"collection":[{"href":"https:\/\/www.radiopresidenteibanez.cl\/web\/wp-json\/wp\/v2\/posts"}],"about":[{"href":"https:\/\/www.radiopresidenteibanez.cl\/web\/wp-json\/wp\/v2\/types\/post"}],"author":[{"embeddable":true,"href":"https:\/\/www.radiopresidenteibanez.cl\/web\/wp-json\/wp\/v2\/users\/2"}],"replies":[{"embeddable":true,"href":"https:\/\/www.radiopresidenteibanez.cl\/web\/wp-json\/wp\/v2\/comments?post=9675"}],"version-history":[{"count":0,"href":"https:\/\/www.radiopresidenteibanez.cl\/web\/wp-json\/wp\/v2\/posts\/9675\/revisions"}],"wp:featuredmedia":[{"embeddable":true,"href":"https:\/\/www.radiopresidenteibanez.cl\/web\/wp-json\/wp\/v2\/media\/9676"}],"wp:attachment":[{"href":"https:\/\/www.radiopresidenteibanez.cl\/web\/wp-json\/wp\/v2\/media?parent=9675"}],"wp:term":[{"taxonomy":"category","embeddable":true,"href":"https:\/\/www.radiopresidenteibanez.cl\/web\/wp-json\/wp\/v2\/categories?post=9675"},{"taxonomy":"post_tag","embeddable":true,"href":"https:\/\/www.radiopresidenteibanez.cl\/web\/wp-json\/wp\/v2\/tags?post=9675"}],"curies":[{"name":"wp","href":"https:\/\/api.w.org\/{rel}","templated":true}]}}