{"id":9669,"date":"2020-02-13T17:22:36","date_gmt":"2020-02-13T17:22:36","guid":{"rendered":"https:\/\/www.radiopresidenteibanez.cl\/web\/?p=9669"},"modified":"2020-02-13T17:22:40","modified_gmt":"2020-02-13T17:22:40","slug":"educadoras-ensenaron-sobre-biodiversidad-a-traves-del-teatro-lambe-lambe","status":"publish","type":"post","link":"https:\/\/www.radiopresidenteibanez.cl\/web\/educadoras-ensenaron-sobre-biodiversidad-a-traves-del-teatro-lambe-lambe\/","title":{"rendered":"EDUCADORAS ENSE\u00d1ARON SOBRE BIODIVERSIDAD A TRAV\u00c9S DEL TEATRO LAMBE LAMBE"},"content":{"rendered":"\n<p>A principios de febrero se\nrealiz\u00f3 el cierre del Proyecto \u201cConociendo la Biodiversidad regional a trav\u00e9s\ndel Teatro Lambe Lambe\u201d, iniciativa desarrollada por la Agrupaci\u00f3n Ecol\u00f3gica\nPatag\u00f3nica y financiada por el Fondo de Protecci\u00f3n Ambiental del Ministerio del\nMedio Ambiente.<\/p>\n\n\n\n<p>Durante el a\u00f1o 2019, m\u00e1s de 15\neducadores formales y no formales participaron en diversos talleres que les\npermitieron elaborar sus teatros en miniatura, los que ten\u00edan una tem\u00e1tica en\ncom\u00fan: la biodiversidad regional. As\u00ed nacieron historias sobre humedales,\nballenas jorobadas, compostaje, reciclaje, etc.<\/p>\n\n\n\n<p>Ver\u00f3nica Soto, Coordinadora\ndel proyecto, se\u00f1al\u00f3 que \u201cel proceso creativo dur\u00f3 meses y finaliz\u00f3 en\ndiciembre, cuando realizamos una muestra abierta en Zona Franca. En esa\nocasi\u00f3n, se presentaron los teatros lambe lambe a la comunidad y, posteriormente,\nhicimos un recorrido por varios establecimientos educacionales: Escuelita Bamb\u00fa\nLibre y Feliz, Escuela Argentina, Escuela Dellamira Rebeca Aguilar, Colegio\nMiguel de Cervantes, After School Funny Afternoon y las escuelas rurales de\nCerro Sombrero y R\u00edo Verde\u201d.<\/p>\n\n\n\n<p>Por su parte, el Seremi\nEduardo Schiappacasse, destac\u00f3 la iniciativa de la Agrupaci\u00f3n Ecol\u00f3gica,\nquienes han sido beneficiarios en seis oportunidades por el Fondo Protecci\u00f3n\nAmbiental del Ministerio del Medio Ambiente. \u201cPara nosotros, como parte del\nMinisterio del Medio Ambiente, es fundamental la Educaci\u00f3n Ambiental para\navanzar en un Chile m\u00e1s sustentable, por lo que las iniciativas presentadas por\nla ciudadan\u00eda, como es el caso del proyecto \u201cConociendo la Biodiversidad\nregional a trav\u00e9s del Teatro Lambe Lambe\u201d de la Agrupaci\u00f3n Ecol\u00f3gica Patag\u00f3nica,\ntienen un valor que queremos destacar, en especial en este caso que a trav\u00e9s de\nuna actividad l\u00fadica acercan las tem\u00e1ticas ambientales tanto a ni\u00f1os como\nadultos. Tambi\u00e9n reconocemos el esfuerzo y entusiasmo con el que los\nparticipantes de este proyecto elaboraron sus teatros en miniatura y se los\npresentaron a sus espectadores\u201d.<\/p>\n\n\n\n<p>El proyecto realiz\u00f3 su \u00faltima\npresentaci\u00f3n en el 1\u00b0 Festival de Humedales, realizado el 1 y 2 de febrero en\nla Costanera del Estrecho de Punta Arenas, sin embargo, no descartan\ndesarrollar una nueva versi\u00f3n con m\u00e1s historias sobre la biodiversidad de Magallanes.\n&nbsp;<\/p>\n","protected":false},"excerpt":{"rendered":"<p>A principios de febrero se realiz\u00f3 el cierre del Proyecto \u201cConociendo la Biodiversidad regional a trav\u00e9s del Teatro Lambe Lambe\u201d, iniciativa desarrollada por la Agrupaci\u00f3n Ecol\u00f3gica Patag\u00f3nica y financiada por&#8230; <a class=\"read-more\" href=\"https:\/\/www.radiopresidenteibanez.cl\/web\/educadoras-ensenaron-sobre-biodiversidad-a-traves-del-teatro-lambe-lambe\/\">Leer m\u00e1s<\/a><\/p>\n","protected":false},"author":2,"featured_media":9670,"comment_status":"closed","ping_status":"closed","sticky":false,"template":"","format":"standard","meta":{"footnotes":""},"categories":[1],"tags":[],"class_list":["post-9669","post","type-post","status-publish","format-standard","has-post-thumbnail","hentry","category-cronica"],"_links":{"self":[{"href":"https:\/\/www.radiopresidenteibanez.cl\/web\/wp-json\/wp\/v2\/posts\/9669","targetHints":{"allow":["GET"]}}],"collection":[{"href":"https:\/\/www.radiopresidenteibanez.cl\/web\/wp-json\/wp\/v2\/posts"}],"about":[{"href":"https:\/\/www.radiopresidenteibanez.cl\/web\/wp-json\/wp\/v2\/types\/post"}],"author":[{"embeddable":true,"href":"https:\/\/www.radiopresidenteibanez.cl\/web\/wp-json\/wp\/v2\/users\/2"}],"replies":[{"embeddable":true,"href":"https:\/\/www.radiopresidenteibanez.cl\/web\/wp-json\/wp\/v2\/comments?post=9669"}],"version-history":[{"count":0,"href":"https:\/\/www.radiopresidenteibanez.cl\/web\/wp-json\/wp\/v2\/posts\/9669\/revisions"}],"wp:featuredmedia":[{"embeddable":true,"href":"https:\/\/www.radiopresidenteibanez.cl\/web\/wp-json\/wp\/v2\/media\/9670"}],"wp:attachment":[{"href":"https:\/\/www.radiopresidenteibanez.cl\/web\/wp-json\/wp\/v2\/media?parent=9669"}],"wp:term":[{"taxonomy":"category","embeddable":true,"href":"https:\/\/www.radiopresidenteibanez.cl\/web\/wp-json\/wp\/v2\/categories?post=9669"},{"taxonomy":"post_tag","embeddable":true,"href":"https:\/\/www.radiopresidenteibanez.cl\/web\/wp-json\/wp\/v2\/tags?post=9669"}],"curies":[{"name":"wp","href":"https:\/\/api.w.org\/{rel}","templated":true}]}}