{"id":9666,"date":"2020-02-13T17:17:27","date_gmt":"2020-02-13T17:17:27","guid":{"rendered":"https:\/\/www.radiopresidenteibanez.cl\/web\/?p=9666"},"modified":"2020-02-13T17:17:32","modified_gmt":"2020-02-13T17:17:32","slug":"aguas-magallanes-onemi-y-municipalidad-de-punta-arenas-firman-protocolo-de-emergencia-regional","status":"publish","type":"post","link":"https:\/\/www.radiopresidenteibanez.cl\/web\/aguas-magallanes-onemi-y-municipalidad-de-punta-arenas-firman-protocolo-de-emergencia-regional\/","title":{"rendered":"AGUAS MAGALLANES, ONEMI Y MUNICIPALIDAD DE PUNTA ARENAS FIRMAN PROTOCOLO DE EMERGENCIA REGIONAL"},"content":{"rendered":"\n<p>Con el objetivo de establecer un marco de coordinaci\u00f3n entre la Municipalidad de Punta Arenas, Aguas Magallanes y ONEMI, en situaciones de emergencia de car\u00e1cter mayor, se firm\u00f3 un Protocolo de Emergencia Regional, instrumento que incluye una serie de acciones y responsabilidades destinadas a enfrentar escenarios complejos, informar de manera oportuna a la ciudadan\u00eda y ejecutar acciones que hagan frente a las cat\u00e1strofes, velando por la protecci\u00f3n de las personas, sus bienes y entorno en Punta Arenas.<\/p>\n\n\n\n<p>El documento fue trabajado a trav\u00e9s de una mesa regional, donde se definieron procedimientos y gestiones ante la suspensi\u00f3n temporal del suministro del vital elemento. Asimismo, se determinaron puntos clave de distribuci\u00f3n a la ciudadan\u00eda, los cuales ser\u00e1n informados a trav\u00e9s de diversos medios y en particular a las Juntas de Vecinos. Al respecto, el gerente regional de Aguas Magallanes, Christian Adema Galetovic, se\u00f1al\u00f3 que \u201cpara lograr este acuerdo consideramos, por ejemplo, la geograf\u00eda de la ciudad y sectores con mayor concentraci\u00f3n de poblaci\u00f3n. Con dicha informaci\u00f3n, identificamos cu\u00e1les ser\u00e1n los puntos de reparto\u201d.<\/p>\n\n\n\n<p>Dicho protocolo establece&nbsp; niveles de alerta dependiendo de la gravedad de la emergencia. En general, la alerta m\u00e1s b\u00e1sica se activar\u00e1 en cortes que afecten a m\u00e1s de 5.000 clientes o 18 mil personas por un periodo mayor a 6 horas.<\/p>\n\n\n\n<p>En tanto, el alcalde de Punta Arenas, Claudio Radonich, destac\u00f3 que \u201cel objetivo de del acuerdo es brindar seguridad y que los vecinos sean los menos afectados en casos de emergencia. Esta informaci\u00f3n nos ayuda a contar con todos los elementos de comunicaci\u00f3n y los materiales necesarios para estas situaciones\u201d, afirm\u00f3 el edil.<\/p>\n\n\n\n<p>Por su parte, el jefe regional de la Superintendencia de Servicios Sanitario (SISS) de la regi\u00f3n, Alejandro Soto, sostuvo que \u201csiempre es mejor estar preparados\u201d, agregando que el actual documento, se suma a los protocolos ya firmados en Natales y Porvenir, lo que permitir\u00e1 contar con un sistema de mayor coordinaci\u00f3n y colaboraci\u00f3n entre ONEMI, Aguas Magallanes y las municipalidades de cada localidad donde opera la sanitaria.<\/p>\n\n\n\n<p>Finalmente, el director subrogante Onemi, Luis Calisto durante la firma realizada en la Municipalidad de Punta Arenas,&nbsp; asever\u00f3 que este es un protocolo muy relevante para la regi\u00f3n y a\u00f1adi\u00f3 que entre las medidas concretas para subsanar la suspensi\u00f3n del suministro masivo y prolongado \u201cse consideran puntos alternativos de distribuci\u00f3n de dos estanques de mil litros cada uno para atender a la ciudadan\u00eda\u201d.<\/p>\n","protected":false},"excerpt":{"rendered":"<p>Con el objetivo de establecer un marco de coordinaci\u00f3n entre la Municipalidad de Punta Arenas, Aguas Magallanes y ONEMI, en situaciones de emergencia de car\u00e1cter mayor, se firm\u00f3 un Protocolo&#8230; <a class=\"read-more\" href=\"https:\/\/www.radiopresidenteibanez.cl\/web\/aguas-magallanes-onemi-y-municipalidad-de-punta-arenas-firman-protocolo-de-emergencia-regional\/\">Leer m\u00e1s<\/a><\/p>\n","protected":false},"author":2,"featured_media":9667,"comment_status":"closed","ping_status":"closed","sticky":false,"template":"","format":"standard","meta":{"footnotes":""},"categories":[1],"tags":[],"class_list":["post-9666","post","type-post","status-publish","format-standard","has-post-thumbnail","hentry","category-cronica"],"_links":{"self":[{"href":"https:\/\/www.radiopresidenteibanez.cl\/web\/wp-json\/wp\/v2\/posts\/9666","targetHints":{"allow":["GET"]}}],"collection":[{"href":"https:\/\/www.radiopresidenteibanez.cl\/web\/wp-json\/wp\/v2\/posts"}],"about":[{"href":"https:\/\/www.radiopresidenteibanez.cl\/web\/wp-json\/wp\/v2\/types\/post"}],"author":[{"embeddable":true,"href":"https:\/\/www.radiopresidenteibanez.cl\/web\/wp-json\/wp\/v2\/users\/2"}],"replies":[{"embeddable":true,"href":"https:\/\/www.radiopresidenteibanez.cl\/web\/wp-json\/wp\/v2\/comments?post=9666"}],"version-history":[{"count":0,"href":"https:\/\/www.radiopresidenteibanez.cl\/web\/wp-json\/wp\/v2\/posts\/9666\/revisions"}],"wp:featuredmedia":[{"embeddable":true,"href":"https:\/\/www.radiopresidenteibanez.cl\/web\/wp-json\/wp\/v2\/media\/9667"}],"wp:attachment":[{"href":"https:\/\/www.radiopresidenteibanez.cl\/web\/wp-json\/wp\/v2\/media?parent=9666"}],"wp:term":[{"taxonomy":"category","embeddable":true,"href":"https:\/\/www.radiopresidenteibanez.cl\/web\/wp-json\/wp\/v2\/categories?post=9666"},{"taxonomy":"post_tag","embeddable":true,"href":"https:\/\/www.radiopresidenteibanez.cl\/web\/wp-json\/wp\/v2\/tags?post=9666"}],"curies":[{"name":"wp","href":"https:\/\/api.w.org\/{rel}","templated":true}]}}