{"id":9657,"date":"2020-02-13T17:01:12","date_gmt":"2020-02-13T17:01:12","guid":{"rendered":"https:\/\/www.radiopresidenteibanez.cl\/web\/?p=9657"},"modified":"2020-02-13T17:01:16","modified_gmt":"2020-02-13T17:01:16","slug":"seremi-de-desarrollo-social-y-familia-lanza-campana-hoy-empiezo-a-vivir-sano","status":"publish","type":"post","link":"https:\/\/www.radiopresidenteibanez.cl\/web\/seremi-de-desarrollo-social-y-familia-lanza-campana-hoy-empiezo-a-vivir-sano\/","title":{"rendered":"SEREMI DE DESARROLLO SOCIAL Y FAMILIA LANZA CAMPA\u00d1A \u201cHOY EMPIEZO A VIVIR SANO\u201d"},"content":{"rendered":"\n<p>\u201cHoy empiezo a vivir sano\u201d es el eslogan de la campa\u00f1a comunicacional 2020 que lanz\u00f3 hoy la Seremi de Desarrollo Social y Familia, Liz Casanueva junto a Vitalito de Elige Vivir Sano en el Mercado Municipal de Punta Arenas, donde adem\u00e1s entreg\u00f3 a los locatarios del primer nivel, delantales, bolsas reciclables y recetarios con preparaciones saludables.<\/p>\n\n\n\n<p>La&nbsp; campa\u00f1a, que ya est\u00e1 en medios de comunicaci\u00f3n masiva y redes sociales, busca incentivar a las personas a realizar peque\u00f1os cambios en sus rutinas para adoptar h\u00e1bitos m\u00e1s saludables y combatir la obesidad y sobrepeso \u2013que hoy afecta a siete de cada diez personas mayores de 15 a\u00f1os en el pa\u00eds\u2013 como cocinar en familia, priorizar las frutas como colaci\u00f3n, salir a caminar, jugar con los ni\u00f1os, entre otras. Se trata de acciones f\u00e1ciles de llevar a cabo, pero que pueden tener un alto impacto en la calidad de vida de las familias<\/p>\n\n\n\n<p>De acuerdo a datos de la \u00faltima Encuesta de Presupuestos Familiares sistematizados por el Observatorio Elige Vivir Sano, los hogares en Chile gastan $15.102 en bebidas gaseosas. Con esos recursos se podr\u00edan comprar&nbsp; pl\u00e1tanos, manzanas, naranjas, tomates, lechugas y cebollas, entre otros productos, que podr\u00edan complementar el gasto en frutas y verduras que actualmente hacen las familias en el pa\u00eds y as\u00ed acercarse a cumplir la recomendaci\u00f3n de comer 5 porciones de frutas y verduras diarias que hoy solo cumple el 15% de la poblaci\u00f3n.<\/p>\n\n\n\n<p>Ante esto la Seremi de Desarrollo Social y Familia, Liz Casanueva M\u00e9ndez dijo: \u201cSeg\u00fan las cifras, en materia de alimentaci\u00f3n, los recursos no se est\u00e1n gastando bien porque se est\u00e1n gastando en productos de alimentaci\u00f3n no saludables, sumado tambi\u00e9n al consumo de bebidas alcoh\u00f3licas y&nbsp; tabaco, costos que podr\u00eda ser destinados a una mejor alimentaci\u00f3n rica en frutas y verduras, legumbres, mariscos y pescados entre otros.\u201d<\/p>\n\n\n\n<p>De acuerdo a los datos expuestos, las familias en Chile destinan el 18,7% de sus gastos a alimentaci\u00f3n. El pan y las bebidas gaseosas son los productos que los chilenos dicen comprar m\u00e1s. Eso s\u00ed, si se observa hacia d\u00f3nde se dirige el gasto, son la carne (20,2%), el pan, los cereales y las masas (18,3%) a donde se destinan m\u00e1s recursos.<\/p>\n\n\n\n<p>\u201cEl llamado en el fondo es a generar un cambio de h\u00e1bitos, ser conscientes de ello empezar a vivir sano. Sumado a esto est\u00e1n los cuatro pilares: primero focalizarnos en ni\u00f1os y ni\u00f1as, que son motor de cambio de nuestra sociedad; segundo promover la actividad f\u00edsica, el juego, el movimiento por sobre el uso de las pantallas, tercero hacer un llamado a concientizar a comer en familia, cocinar en familia y optar por preparaciones m\u00e1s saludables y, por \u00faltimo la corresponsabilidad, porque hoy son las mujeres las que tienen mayor obesidad principalmente porque presentan un alto sedentarismo relacionada a la falta de tiempo y a que dedican tres horas m\u00e1s a labores del hogar y al cuidado de los hijos que los hombres\u201d agreg\u00f3 Casanueva.<\/p>\n\n\n\n<p>La campa\u00f1a comunicacional busca concientizar a la poblaci\u00f3n y as\u00ed complementar el impacto que tienen otras pol\u00edticas p\u00fablicas como la Ley de Etiquetado de los Alimentos, el postnatal de seis meses que busca priorizar la lactancia materna exclusiva, el funcionamiento del Sistema Elige Vivir Sano y otras medidas como la creaci\u00f3n de Centros Elige Vivir Sano para que la poblaci\u00f3n m\u00e1s vulnerable accedan a recintos deportivos de calidad.<\/p>\n","protected":false},"excerpt":{"rendered":"<p>\u201cHoy empiezo a vivir sano\u201d es el eslogan de la campa\u00f1a comunicacional 2020 que lanz\u00f3 hoy la Seremi de Desarrollo Social y Familia, Liz Casanueva junto a Vitalito de Elige&#8230; <a class=\"read-more\" href=\"https:\/\/www.radiopresidenteibanez.cl\/web\/seremi-de-desarrollo-social-y-familia-lanza-campana-hoy-empiezo-a-vivir-sano\/\">Leer m\u00e1s<\/a><\/p>\n","protected":false},"author":2,"featured_media":9658,"comment_status":"closed","ping_status":"closed","sticky":false,"template":"","format":"standard","meta":{"footnotes":""},"categories":[1],"tags":[],"class_list":["post-9657","post","type-post","status-publish","format-standard","has-post-thumbnail","hentry","category-cronica"],"_links":{"self":[{"href":"https:\/\/www.radiopresidenteibanez.cl\/web\/wp-json\/wp\/v2\/posts\/9657","targetHints":{"allow":["GET"]}}],"collection":[{"href":"https:\/\/www.radiopresidenteibanez.cl\/web\/wp-json\/wp\/v2\/posts"}],"about":[{"href":"https:\/\/www.radiopresidenteibanez.cl\/web\/wp-json\/wp\/v2\/types\/post"}],"author":[{"embeddable":true,"href":"https:\/\/www.radiopresidenteibanez.cl\/web\/wp-json\/wp\/v2\/users\/2"}],"replies":[{"embeddable":true,"href":"https:\/\/www.radiopresidenteibanez.cl\/web\/wp-json\/wp\/v2\/comments?post=9657"}],"version-history":[{"count":0,"href":"https:\/\/www.radiopresidenteibanez.cl\/web\/wp-json\/wp\/v2\/posts\/9657\/revisions"}],"wp:featuredmedia":[{"embeddable":true,"href":"https:\/\/www.radiopresidenteibanez.cl\/web\/wp-json\/wp\/v2\/media\/9658"}],"wp:attachment":[{"href":"https:\/\/www.radiopresidenteibanez.cl\/web\/wp-json\/wp\/v2\/media?parent=9657"}],"wp:term":[{"taxonomy":"category","embeddable":true,"href":"https:\/\/www.radiopresidenteibanez.cl\/web\/wp-json\/wp\/v2\/categories?post=9657"},{"taxonomy":"post_tag","embeddable":true,"href":"https:\/\/www.radiopresidenteibanez.cl\/web\/wp-json\/wp\/v2\/tags?post=9657"}],"curies":[{"name":"wp","href":"https:\/\/api.w.org\/{rel}","templated":true}]}}