{"id":9654,"date":"2020-02-13T16:58:20","date_gmt":"2020-02-13T16:58:20","guid":{"rendered":"https:\/\/www.radiopresidenteibanez.cl\/web\/?p=9654"},"modified":"2020-02-13T16:58:26","modified_gmt":"2020-02-13T16:58:26","slug":"mujeres-destacadas-seran-distinguidas-en-la-region-de-magallanes-en-el-dia-internacional-de-la-mujer","status":"publish","type":"post","link":"https:\/\/www.radiopresidenteibanez.cl\/web\/mujeres-destacadas-seran-distinguidas-en-la-region-de-magallanes-en-el-dia-internacional-de-la-mujer\/","title":{"rendered":"MUJERES DESTACADAS SER\u00c1N DISTINGUIDAS EN LA REGI\u00d3N DE MAGALLANES EN EL D\u00cdA INTERNACIONAL DE LA MUJER"},"content":{"rendered":"\n<p>La distinci\u00f3n regional:\n\u201cMUJERES DESTACADAS MAGALLANES Y ANT\u00c1RTICA CHILENA 2020\u201d, tiene por objetivo\nreconocer el m\u00e9rito de aquellas mujeres cuya gesti\u00f3n haya contribuido al\ndesarrollo de la Regi\u00f3n, aportando en Igualdad de G\u00e9nero y\/o al avance de las\nautonom\u00edas econ\u00f3micas, f\u00edsica y toma de decisiones de las mujeres. <\/p>\n\n\n\n<p>Es as\u00ed como distintos\nservicios e instituciones que trabajan el tema de g\u00e9nero est\u00e1n organizando esta\nactividad que, en la Provincia de Magallanes, distinguir\u00e1 a 8 mujeres. La\norganizaci\u00f3n est\u00e1 a cargo del Ministerio de la Mujer y Equidad de G\u00e9nero, a\ntrav\u00e9s de la Secretar\u00eda Regional Ministerial y el Servicio Nacional de la Mujer\ny Equidad de G\u00e9nero y el SERNAMEG; la Secretar\u00eda Regional Ministerial de\nGobierno; la Fundaci\u00f3n para la Promoci\u00f3n y Desarrollo de la Mujer, PRODEMU; y\nel Ministerio de Cultura a trav\u00e9s del Consejo Regional de Cultura. <\/p>\n\n\n\n<p>Esta nominaci\u00f3n incluye la participaci\u00f3n\nde la comunidad a trav\u00e9s de organizaciones vecinales, sociales, con o sin\npersonalidad jur\u00eddica, instituciones p\u00fablicas o privadas, organizaciones\nterritoriales, comunitarias y\/o funcionales.<\/p>\n\n\n\n<p>Este mi\u00e9rcoles, el Intendente\nJos\u00e9 Fern\u00e1ndez D\u00fcbrock, la seremi (s) de la Mujer y la Equidad de G\u00e9nero,\nKatherine Ibacache Calder\u00f3n y la Seremi de Gobierno Alejandra Mu\u00f1oz Quiroz\ndieron a conocer las bases y los plazos para el desarrollo de este concurso que\nnominar\u00e1 a 8 mujeres en la regi\u00f3n de Magallanes, las que ser\u00e1n reconocidas en\nun evento masivo en el D\u00eda de la Mujer.<\/p>\n\n\n\n<p>El Intendente Fern\u00e1ndez\nD\u00fcbrock hizo un llamado a la comunidad a participar activamente en esta\nconmemoraci\u00f3n e invit\u00f3 a proponer mujeres que se hayan destacado en distintos\n\u00e1mbitos y que puedan ser objeto de este reconocimiento. <\/p>\n\n\n\n<p>Por su parte la seremi (s) de\nla Mujer y la Equidad de G\u00e9nero Katherine Ibacache Calder\u00f3n manifest\u00f3 que esta\ndistinci\u00f3n se entregar\u00e1 luego de la ponderaci\u00f3n que realice la comisi\u00f3n evaluadora,\nla que se reunir\u00e1 el d\u00eda 2 de marzo tras el cierre del proceso de postulaciones\nel 28 de febrero, a las 13 horas. Agreg\u00f3 que esta postulaci\u00f3n la debe realizar\nun tercero, cualquier persona u organizaci\u00f3n que considere que dentro de sus\nbases existe una mujer que cumpla con las caracter\u00edsticas de mujer destacada.<\/p>\n\n\n\n<p>La Comisi\u00f3n sesionar\u00e1 el lunes <strong>2 de marzo<\/strong>, en la tarde y dependiendo de la cantidad de\npostulantes, lo har\u00e1 tambi\u00e9n en la ma\u00f1ana del martes <strong>3 de marzo.<\/strong> <\/p>\n\n\n\n<p>La Comisi\u00f3n dirimir\u00e1 por votaci\u00f3n de sus miembros,\nhabiendo le\u00eddo con anterioridad los antecedentes presentados, y estar\u00e1\nconformada por:<\/p>\n\n\n\n<p>SEREMI de Gobierno (o representante), SEREMI del\nMinisterio de la Mujer y la Equidad de G\u00e9nero (o representante), Directora\nSERNAMEG (o representante) SEREMI de las Culturas, las Artes y el Patrimonio (o\nrepresentante) y Directora PRODEMU (o representante)<\/p>\n\n\n\n<p>Las bases pueden solicitarse\nen las oficinas de la Seremi de la Mujer y la Equidad de G\u00e9nero, Plaza Mu\u00f1oz\nGamero 1028 &#8211; 3\u00b0 Piso y tambi\u00e9n est\u00e1n disponibles en el enlace:&nbsp; <a href=\"https:\/\/minmujeryeg-my.sharepoint.com\/:w:\/g\/personal\/bsaldivia_minmujeryeg_gob_cl\/Ebs7za4f_fNBsNtHgKUeg4EBxp1nn_3G5svLzrC7igQCnA?e=QMcZqy\">https:\/\/minmujeryeg-my.sharepoint.com\/:w:\/g\/personal\/bsaldivia_minmujeryeg_gob_cl\/Ebs7za4f_fNBsNtHgKUeg4EBxp1nn_3G5svLzrC7igQCnA?e=QMcZqy<\/a><\/p>\n\n\n\n<p><strong>UN POCO DE HISTORIA <\/strong>(Fuente:\nwordpress.com &#8211; ngenespanol.com)<\/p>\n\n\n\n<p>La historia dice que fue Nueva\nYork a fines del invierno de 1857 donde comenz\u00f3 a gestarse la lucha por los\nderechos de las mujeres. Era una \u00e9poca en la que cada vez m\u00e1s mujeres se\nincorporaban a la producci\u00f3n, especialmente en la rama textil, donde eran\nmayor\u00eda absoluta.<\/p>\n\n\n\n<p>Medio siglo m\u00e1s tarde, en\nmarzo de 1908, 15.000 obreras marcharon por la misma ciudad al grito de \u201c\u00a1Pan y\nrosas! \u201c, sintetizando en esta consigna sus demandas por aumento de salario y\npor mejores condiciones de vida. Y, al a\u00f1o siguiente \u2013 tambi\u00e9n en marzo -, m\u00e1s\nde 140 mujeres j\u00f3venes murieron calcinadas en la f\u00e1brica textil donde\ntrabajaban encerradas en condiciones inhumanas.<\/p>\n\n\n\n<p>Fue en 1910, despu\u00e9s de\nm\u00faltiples reivindicaciones frustradas, durante un Congreso Internacional de\nMujeres Socialistas, que la alemana Clara Zetkin propuso que se estableciera el\n8 de marzo como el D\u00eda Internacional de la Mujer, en homenaje a aquellas que\nllevaron adelante las primeras acciones de mujeres trabajadoras organizadas contra\nla explotaci\u00f3n de las trabajadoras.<\/p>\n\n\n\n<p>En las Naciones Unidas se\ncomenz\u00f3 a conmemorar el D\u00eda Internacional de la Mujer en 1975, a\u00f1o que fue\ndedicado a la mujer. La Asamblea General de las Naciones Unidas oficializ\u00f3 la\nfecha en 1977, a trav\u00e9s de una resoluci\u00f3n en la que hizo un llamado a todos los\nEstados Miembros a realizar actividades conmemorativas por este d\u00eda para crear\nconciencia en todos los sectores de la sociedad y el gobierno el rol\nfundamental que cumple la mujer en el progreso de las naciones. En el presente,\nun principio central en el trabajo de las Naciones Unidas es que ninguna\nsoluci\u00f3n duradera a los problemas sociales, econ\u00f3micos y pol\u00edticos, puede ser\nalcanzada sin la activa y directa participaci\u00f3n de las mujeres y sin el pleno\nrespeto de los derechos de las mujeres.<\/p>\n","protected":false},"excerpt":{"rendered":"<p>La distinci\u00f3n regional: \u201cMUJERES DESTACADAS MAGALLANES Y ANT\u00c1RTICA CHILENA 2020\u201d, tiene por objetivo reconocer el m\u00e9rito de aquellas mujeres cuya gesti\u00f3n haya contribuido al desarrollo de la Regi\u00f3n, aportando en&#8230; <a class=\"read-more\" href=\"https:\/\/www.radiopresidenteibanez.cl\/web\/mujeres-destacadas-seran-distinguidas-en-la-region-de-magallanes-en-el-dia-internacional-de-la-mujer\/\">Leer m\u00e1s<\/a><\/p>\n","protected":false},"author":2,"featured_media":9655,"comment_status":"closed","ping_status":"closed","sticky":false,"template":"","format":"standard","meta":{"footnotes":""},"categories":[1],"tags":[],"class_list":["post-9654","post","type-post","status-publish","format-standard","has-post-thumbnail","hentry","category-cronica"],"_links":{"self":[{"href":"https:\/\/www.radiopresidenteibanez.cl\/web\/wp-json\/wp\/v2\/posts\/9654","targetHints":{"allow":["GET"]}}],"collection":[{"href":"https:\/\/www.radiopresidenteibanez.cl\/web\/wp-json\/wp\/v2\/posts"}],"about":[{"href":"https:\/\/www.radiopresidenteibanez.cl\/web\/wp-json\/wp\/v2\/types\/post"}],"author":[{"embeddable":true,"href":"https:\/\/www.radiopresidenteibanez.cl\/web\/wp-json\/wp\/v2\/users\/2"}],"replies":[{"embeddable":true,"href":"https:\/\/www.radiopresidenteibanez.cl\/web\/wp-json\/wp\/v2\/comments?post=9654"}],"version-history":[{"count":0,"href":"https:\/\/www.radiopresidenteibanez.cl\/web\/wp-json\/wp\/v2\/posts\/9654\/revisions"}],"wp:featuredmedia":[{"embeddable":true,"href":"https:\/\/www.radiopresidenteibanez.cl\/web\/wp-json\/wp\/v2\/media\/9655"}],"wp:attachment":[{"href":"https:\/\/www.radiopresidenteibanez.cl\/web\/wp-json\/wp\/v2\/media?parent=9654"}],"wp:term":[{"taxonomy":"category","embeddable":true,"href":"https:\/\/www.radiopresidenteibanez.cl\/web\/wp-json\/wp\/v2\/categories?post=9654"},{"taxonomy":"post_tag","embeddable":true,"href":"https:\/\/www.radiopresidenteibanez.cl\/web\/wp-json\/wp\/v2\/tags?post=9654"}],"curies":[{"name":"wp","href":"https:\/\/api.w.org\/{rel}","templated":true}]}}