{"id":9603,"date":"2020-02-10T13:07:27","date_gmt":"2020-02-10T13:07:27","guid":{"rendered":"https:\/\/www.radiopresidenteibanez.cl\/web\/?p=9603"},"modified":"2020-02-10T13:07:34","modified_gmt":"2020-02-10T13:07:34","slug":"no-temas-abril-por-ernesto-sepulveda","status":"publish","type":"post","link":"https:\/\/www.radiopresidenteibanez.cl\/web\/no-temas-abril-por-ernesto-sepulveda\/","title":{"rendered":"NO TEMAS ABRIL por ERNESTO SEPULVEDA"},"content":{"rendered":"\n<p>Este a\u00f1o 2020, tendremos en Chile una seguidilla de\ninstancias electorales. &nbsp;El 26 de abril ser\u00e1 el plebiscito, donde\ndecidiremos entre las opciones APRUEBO y RECHAZO, a una nueva constituci\u00f3n.\nDeber\u00e1 votarse en la misma instancia, entre un CONVENCI\u00d3N MIXTA (Integrada en\nparte por representantes electos y en parte por integrantes electos por el\nparlamento) y la CONVENCI\u00d3N CONSTITUYENTE (integrada totalmente por\nrepresentantes electos por la ciudadan\u00eda).<\/p>\n\n\n\n<p>El 26 de febrero inicia la propaganda electoral de las\nopciones en disputa, y el 27 de marzo&nbsp; inicia la franja electoral gratuita\nen canales de televisi\u00f3n de libre recepci\u00f3n. La propaganda electoral concluye a\nlas cero horas del 23 de abril.<\/p>\n\n\n\n<p>Pero este a\u00f1o se eligen alcaldes y concejales, y adem\u00e1s por\nprimera vez los gobernadores regionales. Se efectuar\u00e1n elecciones primarias\npara elegir a candidatos a alcalde y gobernador regional el domingo 7 de junio.<\/p>\n\n\n\n<p>Las elecciones de alcaldes, concejales, y gobernadores\nregionales, se efectuar\u00e1n el domingo 25 de octubre. En dicha fecha,\neventualmente, se elegir\u00e1 a los convencionales constituyentes.<\/p>\n\n\n\n<p>El 22 de noviembre se efectuar\u00eda la segunda vuelta\nelectoral, del gobernador regional, si en primera vuelta ninguno superara el\n40% de los votos.<\/p>\n\n\n\n<p>En medio de esta verdadera vor\u00e1gine electoral, las\npreocupaciones de las grandes masas asalariadas, est\u00e1n muy distantes del\ncalendario que pol\u00edticos de gobierno y oposici\u00f3n ya manejan al dedillo. El\ndescontento social, expresado en todo el pa\u00eds, a partir de octubre 18, tiene\npor fundamento condiciones estructurales de nuestro modelo de desarrollo.\nAunque no suene popular decirlo, el cambio de constituci\u00f3n no resolver\u00e1 ni el\ndesequilibrio cr\u00f3nico en la distribuci\u00f3n de los ingresos, ni la calidad de la\nsalud, la educaci\u00f3n o las pensiones de millones de chilenos.<\/p>\n\n\n\n<p>Por qu\u00e9, entonces toda la discusi\u00f3n p\u00fablica, aparece\ncapturada por el tema constituyente? Muy sencillo, porque el origen de nuestro\nactual ordenamiento constitucional, aparece cuestionado mayoritariamente, por\nsu ilegitimidad de origen, y por la orientaci\u00f3n ideol\u00f3gica que la inspir\u00f3.\nParece un contrasentido, porque la constituci\u00f3n del 80\u00b4 la redact\u00f3 media docena\nde abogados, sin participaci\u00f3n ni discusi\u00f3n popular, y nos ha regido hasta\nahora, pese a los m\u00e1s de 40 cambios efectuados. La necesidad de redactar un\nnuevo texto, se asocia al mejoramiento de la calidad de nuestra convivencia\ndemocr\u00e1tica. Tambi\u00e9n en el inconsciente colectivo, est\u00e1 la idea de una\nredistribuci\u00f3n del poder. Es el aspecto en que coincide la academia con la\ncalle, en un nuevo pacto social, se plasma el tipo de sociedad que aspiramos a\ntener.&nbsp; En este caso, ser\u00eda la primera ocasi\u00f3n en nuestra historia\nrepublicana, que estar\u00edamos ante un proceso constituyente, tan amplio y participativo.<\/p>\n\n\n\n<p>La realidad econ\u00f3mica y social que enfrentamos desde el a\u00f1o\npasado en Chile, dista mucho de las promesas efectuadas por la actual\nadministraci\u00f3n. Sin embargo, las causas del denominado \u201cestallido social\u201d, son\nmucho m\u00e1s amplias y profundas. Abordar con claridad y transparencia la\nrespuesta a las materias de la agenda social, es un imperativo que debiera\nconvocar a todas las fuerzas pol\u00edticas. Sin embargo, el liderazgo pol\u00edtico\nparece capturado por la estridencia, por la l\u00f3gica de trincheras, que nos lleva\na un conflicto con suma cero. No se trata&nbsp; de revivir la experiencia de la\n\u201cpol\u00edtica de los acuerdos\u201d, de los a\u00f1os 90\u2019, a la cual nos referimos en\ncolumnas anteriores. Se trata de sentar las bases de un nuevo di\u00e1logo social,\nel cual deber\u00e1 manifestarse tambi\u00e9n en la discusi\u00f3n constituyente.<\/p>\n\n\n\n<p>La tarea de todos sin exclusi\u00f3n, es generar las\ncondiciones, para que podamos hablar y acordar una agenda social de urgencia.\nAntes que toda la energ\u00eda se vuelque, a las campa\u00f1as del plebiscito, de las\nprimarias de alcaldes y gobernadores. Y posteriormente en octubre la votaci\u00f3n\npara elegir al gobernador regional, alcalde, concejales, y convencionales\nconstituyentes.<\/p>\n\n\n\n<p>Quienes m\u00e1s se han o\u00eddo en medios y redes sociales, son los\nsectores m\u00e1s extremos de derecha e izquierda. Son los partidarios del estatus\nquo. Con discursos que fomentan la animadversi\u00f3n, cuando no el odio, por\nnuestros compatriotas, pretenden sembrar el temor acerca del futuro. Y ya lo\nhan conseguido en parte. Personalmente conozco decenas de peque\u00f1os y medianos\nempresarios, temerosos de lo que est\u00e1 pasando en las calles. La destrucci\u00f3n de\nsem\u00e1foros, y c\u00e1maras de seguridad, mobiliario urbano, ha sido seguida por el\nincendio de locales comerciales, oficinas, atentados contra edificios p\u00fablicos,\nmonumentos, tumbas e iglesias.<\/p>\n\n\n\n<p>Lamentablemente quienes no creen en la democracia\nrepresentativa, ni en los derechos humanos, se mimetizan detr\u00e1s de las marchas\ny manifestaciones pac\u00edficas. Y ha existido tibieza, en el rechazo a la\nviolencia y el pillaje, por parte de los dirigentes pol\u00edticos.<\/p>\n\n\n\n<p>El pueblo de Chile, ha demostrado una y otra vez que es\namante de la paz, que desea mejorar su condici\u00f3n actual, pero sin perder lo que\ntiene. Sin perder el empleo, sin perder el entorno donde vive y trabaja. Se\nequivocan quienes creen que los grupos m\u00e1s violentos, representan al pueblo de\nChile. Minor\u00edas iluminadas, existieron antes y existen ahora, sin ninguna\nrelevancia, y sin ninguna vinculaci\u00f3n con el tejido social.<\/p>\n\n\n\n<p>Hay que tranquilizarnos, sembrar semillas de paz, generar\nambientes propicios para el dialogo, en empresas, juntas de vecinos, y\nsindicatos. El pacto social que construiremos, consagrar\u00e1 derechos y respetar\u00e1\nlibertades, garantizar\u00e1 la dignidad del trabajo, y el valor del emprendimiento\ny la libre empresa.<\/p>\n\n\n\n<p>Para llegar a un desarrollo integral e inclusivo, no\nexisten atajos, ni balas de plata que maten la desigualdad. Debemos ponernos de\nacuerdo como sociedad, y un paso imprescindible es realizar un ejemplar proceso\nconstituyente.&nbsp; Trabajemos por ello, y recuperemos la fe y la esperanza.<\/p>\n\n\n\n<p>Ernesto Sep\u00falveda Tornero<\/p>\n\n\n\n<p>Punta Arenas, Lunes 10 de febrero de 2020.<\/p>\n","protected":false},"excerpt":{"rendered":"<p>Este a\u00f1o 2020, tendremos en Chile una seguidilla de instancias electorales. &nbsp;El 26 de abril ser\u00e1 el plebiscito, donde decidiremos entre las opciones APRUEBO y RECHAZO, a una nueva constituci\u00f3n&#8230;. <a class=\"read-more\" href=\"https:\/\/www.radiopresidenteibanez.cl\/web\/no-temas-abril-por-ernesto-sepulveda\/\">Leer m\u00e1s<\/a><\/p>\n","protected":false},"author":2,"featured_media":2310,"comment_status":"closed","ping_status":"closed","sticky":false,"template":"","format":"standard","meta":{"footnotes":""},"categories":[1],"tags":[],"class_list":["post-9603","post","type-post","status-publish","format-standard","has-post-thumbnail","hentry","category-cronica"],"_links":{"self":[{"href":"https:\/\/www.radiopresidenteibanez.cl\/web\/wp-json\/wp\/v2\/posts\/9603","targetHints":{"allow":["GET"]}}],"collection":[{"href":"https:\/\/www.radiopresidenteibanez.cl\/web\/wp-json\/wp\/v2\/posts"}],"about":[{"href":"https:\/\/www.radiopresidenteibanez.cl\/web\/wp-json\/wp\/v2\/types\/post"}],"author":[{"embeddable":true,"href":"https:\/\/www.radiopresidenteibanez.cl\/web\/wp-json\/wp\/v2\/users\/2"}],"replies":[{"embeddable":true,"href":"https:\/\/www.radiopresidenteibanez.cl\/web\/wp-json\/wp\/v2\/comments?post=9603"}],"version-history":[{"count":0,"href":"https:\/\/www.radiopresidenteibanez.cl\/web\/wp-json\/wp\/v2\/posts\/9603\/revisions"}],"wp:featuredmedia":[{"embeddable":true,"href":"https:\/\/www.radiopresidenteibanez.cl\/web\/wp-json\/wp\/v2\/media\/2310"}],"wp:attachment":[{"href":"https:\/\/www.radiopresidenteibanez.cl\/web\/wp-json\/wp\/v2\/media?parent=9603"}],"wp:term":[{"taxonomy":"category","embeddable":true,"href":"https:\/\/www.radiopresidenteibanez.cl\/web\/wp-json\/wp\/v2\/categories?post=9603"},{"taxonomy":"post_tag","embeddable":true,"href":"https:\/\/www.radiopresidenteibanez.cl\/web\/wp-json\/wp\/v2\/tags?post=9603"}],"curies":[{"name":"wp","href":"https:\/\/api.w.org\/{rel}","templated":true}]}}