{"id":9597,"date":"2020-02-07T19:31:09","date_gmt":"2020-02-07T19:31:09","guid":{"rendered":"https:\/\/www.radiopresidenteibanez.cl\/web\/?p=9597"},"modified":"2020-02-07T19:31:13","modified_gmt":"2020-02-07T19:31:13","slug":"seis-nuevas-camionetas-de-ataque-rapido-de-siniestro-recibio-conaf","status":"publish","type":"post","link":"https:\/\/www.radiopresidenteibanez.cl\/web\/seis-nuevas-camionetas-de-ataque-rapido-de-siniestro-recibio-conaf\/","title":{"rendered":"SEIS NUEVAS CAMIONETAS DE ATAQUE R\u00c1PIDO DE SINIESTRO RECIBI\u00d3 CONAF"},"content":{"rendered":"\n<p>Durante esta jornada, el Intendente junto al Director Ejecutivo de Conaf, Jos\u00e9 Manuel Rebolledo, se trasladaron hasta el Parque Nacional Torres del Paine para conocer las seis nuevas camionetas de ataque r\u00e1pido de siniestros, que est\u00e1n dotadas con equipos de agua y carros de arrastre, adem\u00e1s de un cami\u00f3n aljibe.<\/p>\n\n\n\n<p>Este proyecto se concret\u00f3 gracias al financiamiento de 928 millones de pesos que fueron aprobados por el CoreMagallanes, y se une a las centrales de monitoreo remoto para la Prevenci\u00f3n de Incendios Forestales en la Provincia de \u00daltima Esperanza, inauguradas en noviembre del a\u00f1o pasado.<\/p>\n","protected":false},"excerpt":{"rendered":"<p>Durante esta jornada, el Intendente junto al Director Ejecutivo de Conaf, Jos\u00e9 Manuel Rebolledo, se trasladaron hasta el Parque Nacional Torres del Paine para conocer las seis nuevas camionetas de&#8230; <a class=\"read-more\" href=\"https:\/\/www.radiopresidenteibanez.cl\/web\/seis-nuevas-camionetas-de-ataque-rapido-de-siniestro-recibio-conaf\/\">Leer m\u00e1s<\/a><\/p>\n","protected":false},"author":2,"featured_media":9598,"comment_status":"closed","ping_status":"closed","sticky":false,"template":"","format":"standard","meta":{"footnotes":""},"categories":[1],"tags":[],"class_list":["post-9597","post","type-post","status-publish","format-standard","has-post-thumbnail","hentry","category-cronica"],"_links":{"self":[{"href":"https:\/\/www.radiopresidenteibanez.cl\/web\/wp-json\/wp\/v2\/posts\/9597","targetHints":{"allow":["GET"]}}],"collection":[{"href":"https:\/\/www.radiopresidenteibanez.cl\/web\/wp-json\/wp\/v2\/posts"}],"about":[{"href":"https:\/\/www.radiopresidenteibanez.cl\/web\/wp-json\/wp\/v2\/types\/post"}],"author":[{"embeddable":true,"href":"https:\/\/www.radiopresidenteibanez.cl\/web\/wp-json\/wp\/v2\/users\/2"}],"replies":[{"embeddable":true,"href":"https:\/\/www.radiopresidenteibanez.cl\/web\/wp-json\/wp\/v2\/comments?post=9597"}],"version-history":[{"count":0,"href":"https:\/\/www.radiopresidenteibanez.cl\/web\/wp-json\/wp\/v2\/posts\/9597\/revisions"}],"wp:featuredmedia":[{"embeddable":true,"href":"https:\/\/www.radiopresidenteibanez.cl\/web\/wp-json\/wp\/v2\/media\/9598"}],"wp:attachment":[{"href":"https:\/\/www.radiopresidenteibanez.cl\/web\/wp-json\/wp\/v2\/media?parent=9597"}],"wp:term":[{"taxonomy":"category","embeddable":true,"href":"https:\/\/www.radiopresidenteibanez.cl\/web\/wp-json\/wp\/v2\/categories?post=9597"},{"taxonomy":"post_tag","embeddable":true,"href":"https:\/\/www.radiopresidenteibanez.cl\/web\/wp-json\/wp\/v2\/tags?post=9597"}],"curies":[{"name":"wp","href":"https:\/\/api.w.org\/{rel}","templated":true}]}}