{"id":9594,"date":"2020-02-07T19:27:20","date_gmt":"2020-02-07T19:27:20","guid":{"rendered":"https:\/\/www.radiopresidenteibanez.cl\/web\/?p=9594"},"modified":"2020-02-07T19:27:24","modified_gmt":"2020-02-07T19:27:24","slug":"inia-capacita-a-funcionarios-ministeriales-de-panama-en-estimacion-de-gases-de-efecto-invernadero-en-el-sector-silvoagropecuario","status":"publish","type":"post","link":"https:\/\/www.radiopresidenteibanez.cl\/web\/inia-capacita-a-funcionarios-ministeriales-de-panama-en-estimacion-de-gases-de-efecto-invernadero-en-el-sector-silvoagropecuario\/","title":{"rendered":"INIA CAPACITA A FUNCIONARIOS MINISTERIALES DE PANAM\u00c1 EN ESTIMACI\u00d3N DE GASES DE EFECTO INVERNADERO EN EL SECTOR SILVOAGROPECUARIO"},"content":{"rendered":"\n<p>Tres d\u00edas dur\u00f3 la capacitaci\u00f3n realizada por el Ministerio de Medio Ambiente (MMA) a entidades gubernamentales de Panam\u00e1, para el levantamiento del inventario de gases de efecto invernadero (GEI) de la naci\u00f3n centroamericana, instancia en la que particip\u00f3 la Subdirectora Nacional de I+D de INIA, Marta Alfaro, como experta en el sector silvoagropecuario.<\/p>\n\n\n\n<p>Dicha actividad fue posible gracias a la colaboraci\u00f3n bilateral existente entre ambos pa\u00edses, mediante la&nbsp;Agencia Chilena de Cooperaci\u00f3n Internacional para el Desarrollo del Ministerio de Relaciones Exteriores. En esta oportunidad el objetivo fue fomentar las capacidades de los equipos de trabajo responsables de la estimaci\u00f3n de GEI, tanto del Ministerio de Medio Ambiente como del Ministerio de Desarrollo Agropecuario paname\u00f1o.<\/p>\n\n\n\n<p>A cargo de Marta Alfaro estuvo la capacitaci\u00f3n referente a la emisi\u00f3n de GEI en el sector silvoagropecuario. Al respecto la autoridad de INIA se\u00f1al\u00f3 estar \u201cmuy contenta con el trabajo que se logr\u00f3 realizar durante las jornadas de trabajo. El gobierno de Panam\u00e1 est\u00e1 realizando un esfuerzo muy grande por levantar capacidades humanas al interior de su Ministerio de Desarrollo Agropecuario, para estimar la emisi\u00f3n de gases de efecto invernadero del sector, que antes era elaborado por agencias externas. Es misi\u00f3n de todos los pa\u00edses colaborar y atender los compromisos con respecto al cambio clim\u00e1tico, por ende, es muy importante seguir realizando este tipo de actividades de cooperaci\u00f3n bilateral\u201d.<\/p>\n\n\n\n<p>La comitiva tambi\u00e9n estuvo integrada por un representante del Ministerio de Medio Ambiente, encargado de capacitar en \u00e1mbitos transversales del inventario, adem\u00e1s de los sectores de residuos y energ\u00eda; y del Instituto Forestal (INFOR) del Ministerio de Agricultura, para abarcar las estimaciones en el sector forestal.<\/p>\n\n\n\n<p>Durante su estad\u00eda en Panam\u00e1, la delegaci\u00f3n chilena se reuni\u00f3, adem\u00e1s, con el Embajador de Chile en dicho pa\u00eds,&nbsp;Germ\u00e1n Becker Alvear.<\/p>\n\n\n\n<p><strong>&nbsp;<\/strong><strong>Acerca de INIA<\/strong><\/p>\n\n\n\n<p>El Instituto de Investigaciones Agropecuarias (INIA) es la principal instituci\u00f3n de investigaci\u00f3n agropecuaria de Chile, dependiente del Ministerio de Agricultura, con presencia nacional de Arica a Magallanes, a trav\u00e9s de sus 10 Centros Regionales, adem\u00e1s de oficinas t\u00e9cnicas y centros experimentales en cada una de las regiones del pa\u00eds.&nbsp;Su misi\u00f3n es generar y transferir conocimientos y tecnolog\u00edas estrat\u00e9gicas a escala global, para producir innovaci\u00f3n y mejorar la competitividad del sector agroalimentario.&nbsp;<a href=\"http:\/\/www.inia.cl\/\" target=\"_blank\" rel=\"noreferrer noopener\">www.inia.cl<\/a>&nbsp;<\/p>\n","protected":false},"excerpt":{"rendered":"<p>Tres d\u00edas dur\u00f3 la capacitaci\u00f3n realizada por el Ministerio de Medio Ambiente (MMA) a entidades gubernamentales de Panam\u00e1, para el levantamiento del inventario de gases de efecto invernadero (GEI) de&#8230; <a class=\"read-more\" href=\"https:\/\/www.radiopresidenteibanez.cl\/web\/inia-capacita-a-funcionarios-ministeriales-de-panama-en-estimacion-de-gases-de-efecto-invernadero-en-el-sector-silvoagropecuario\/\">Leer m\u00e1s<\/a><\/p>\n","protected":false},"author":2,"featured_media":9595,"comment_status":"closed","ping_status":"closed","sticky":false,"template":"","format":"standard","meta":{"footnotes":""},"categories":[1],"tags":[],"class_list":["post-9594","post","type-post","status-publish","format-standard","has-post-thumbnail","hentry","category-cronica"],"_links":{"self":[{"href":"https:\/\/www.radiopresidenteibanez.cl\/web\/wp-json\/wp\/v2\/posts\/9594","targetHints":{"allow":["GET"]}}],"collection":[{"href":"https:\/\/www.radiopresidenteibanez.cl\/web\/wp-json\/wp\/v2\/posts"}],"about":[{"href":"https:\/\/www.radiopresidenteibanez.cl\/web\/wp-json\/wp\/v2\/types\/post"}],"author":[{"embeddable":true,"href":"https:\/\/www.radiopresidenteibanez.cl\/web\/wp-json\/wp\/v2\/users\/2"}],"replies":[{"embeddable":true,"href":"https:\/\/www.radiopresidenteibanez.cl\/web\/wp-json\/wp\/v2\/comments?post=9594"}],"version-history":[{"count":0,"href":"https:\/\/www.radiopresidenteibanez.cl\/web\/wp-json\/wp\/v2\/posts\/9594\/revisions"}],"wp:featuredmedia":[{"embeddable":true,"href":"https:\/\/www.radiopresidenteibanez.cl\/web\/wp-json\/wp\/v2\/media\/9595"}],"wp:attachment":[{"href":"https:\/\/www.radiopresidenteibanez.cl\/web\/wp-json\/wp\/v2\/media?parent=9594"}],"wp:term":[{"taxonomy":"category","embeddable":true,"href":"https:\/\/www.radiopresidenteibanez.cl\/web\/wp-json\/wp\/v2\/categories?post=9594"},{"taxonomy":"post_tag","embeddable":true,"href":"https:\/\/www.radiopresidenteibanez.cl\/web\/wp-json\/wp\/v2\/tags?post=9594"}],"curies":[{"name":"wp","href":"https:\/\/api.w.org\/{rel}","templated":true}]}}