{"id":9591,"date":"2020-02-07T19:25:17","date_gmt":"2020-02-07T19:25:17","guid":{"rendered":"https:\/\/www.radiopresidenteibanez.cl\/web\/?p=9591"},"modified":"2020-02-07T19:25:21","modified_gmt":"2020-02-07T19:25:21","slug":"agricultores-y-habitantes-de-san-gregorio-asistieron-a-dia-de-campo-hortofruticola-en-inia-kampenaike","status":"publish","type":"post","link":"https:\/\/www.radiopresidenteibanez.cl\/web\/agricultores-y-habitantes-de-san-gregorio-asistieron-a-dia-de-campo-hortofruticola-en-inia-kampenaike\/","title":{"rendered":"AGRICULTORES Y HABITANTES DE SAN GREGORIO ASISTIERON A D\u00cdA DE CAMPO HORTOFRUT\u00cdCOLA EN INIA KAMPENAIKE"},"content":{"rendered":"\n<p>Dentro de invernaderos tipo\nt\u00faneles situados entre plantaciones de hortalizas como lechugas, coliflor,\nacelgas, papas, zapallos, ajos y cebollas y frutos como calafates, frutillas y\ngrosellas; se llev\u00f3 a cabo un nuevo D\u00eda de Campo Hortofrut\u00edcola en el Centro Experimental\nde INIA Kampenaike, ubicado 60 km al noreste de Punta Arenas. <\/p>\n\n\n\n<p>La actividad cont\u00f3 con la\npresencia de autoridades, pobladores y peque\u00f1os agricultores de la comuna de\nSan Gregorio, quienes disfrutaron de una fresca degustaci\u00f3n de frutillas\ncultivadas en el CRI Kampenaike y aprendieron algunas t\u00e9cnicas de agricultura\nsustentable.<\/p>\n\n\n\n<p>La encargada del proyecto FIC\ndenominado: \u201cOptimizaci\u00f3n del manejo agron\u00f3mico de la frutilla, con \u00e9nfasis en\nla escases h\u00eddrica y la fertilizaci\u00f3n para peque\u00f1os agricultores de la regi\u00f3n\nde Magallanes\u201d, Claudia McLeod, explic\u00f3 que el objetivo fue dar a conocer el\ntrabajo que realiza la unidad hortofrut\u00edcola y espec\u00edficamente los avances\nobtenidos con el FIC frutilla.<\/p>\n\n\n\n<p>\u201cEstamos hoy d\u00eda ajustando el\nmanejo de este cultivo para poder decirle a los agricultores cu\u00e1l es la\ncantidad m\u00ednima de agua requerida para poder establecer el cultivo de\nfrutillas, conocer cu\u00e1les son los nutrientes que necesitan disponer para la\ntemporada, en qu\u00e9 momento y en qu\u00e9 dosis poder aplicarlo\u201d, detall\u00f3.<\/p>\n\n\n\n<p>En contraposici\u00f3n a lo que se\npudiera pensar de las condiciones clim\u00e1ticas de la zona para ciertos cultivos,\nMcLeod explic\u00f3 que \u201cel fr\u00edo es un factor determinante, por un lado nos juega en\ncontra, por las heladas al momento de la floraci\u00f3n, pero por otro, las bajas\ntemperaturas son positivas porque provocan que la concentraci\u00f3n de azucares sea\nmayor en los frutos, por lo tanto, con el debido resguardo, se obtiene una\nfrutilla m\u00e1s dulce, con mejor color, aspecto y aroma que las cultivadas en\notras zonas del pa\u00eds\u201d.<\/p>\n\n\n\n<p>As\u00ed pudo apreciarlo Diana Andrade,\npeque\u00f1a agricultora de San Gregorio, quien junto con agradecer la invitaci\u00f3n al\nd\u00eda de campo se\u00f1al\u00f3 que \u201cen mi familia nos estamos dedicando al tema de la\nfrutilla reci\u00e9n este a\u00f1o, entonces para nosotros es novedad e interesante todo\nlo expuesto\u201d.<\/p>\n\n\n\n<p>La concejala, Marlene V\u00e1squez\nV\u00e1squez, quien se sorprendi\u00f3 con la cantidad de cultivos existentes en el CRI,\nexpres\u00f3 que se trat\u00f3 de una \u201cmuy linda experiencia, gracias por la invitaci\u00f3n y\nla oportunidad de estar ac\u00e1 y conocer en terreno lo que uno a veces lee\u201d,\ndestac\u00f3.<\/p>\n\n\n\n<p>Otro de los asistentes a la\nactividad, Rody Twyman, resalt\u00f3 que el d\u00eda de campo fue \u201cbonito, es algo no\nnuevo, pero s\u00ed las tecnolog\u00edas que se pueden ir aplicando. Para el que quiere\nempezar en algo as\u00ed, es bien interesante\u201d. <\/p>\n\n\n\n<p>Efectivamente las frutillas\nrepresentan una gran oportunidad para los agricultores dado que seg\u00fan detall\u00f3\nMcLeod, \u201choy d\u00eda lo que tenemos es un mercado regional con una alta demanda de frutilla\nlocal, por lo tanto, hay un gran trabajo que hacer pensado solo en el mercado\nregional antes de poder proyectar mercados de alcance nacional o de exportaci\u00f3n\na la zona sur de Argentina\u201d, destac\u00f3.<\/p>\n\n\n\n<p><strong>Unidad Hortofrut\u00edcola<\/strong><\/p>\n\n\n\n<p>Actualmente el \u00e1rea, que est\u00e1 en\nplena temporada de frutillas, desarrolla varias investigaciones en paralelo\ncomo las que apuntan a la domesticaci\u00f3n del calafate, alternativas de aislantes\nt\u00e9rmicos naturales y, en la misma l\u00ednea de la agroecolog\u00eda, se est\u00e1\nexperimentando con diversos controladores biol\u00f3gicos de plagas que afectan a\nlos cultivos, como el pulg\u00f3n blanco. <\/p>\n\n\n\n<p>As\u00ed mismo, a trav\u00e9s del Programa\nde Horticultura Sustentable, los profesionales de INIA han desarrollado varios\ntalleres a lo largo de la regi\u00f3n ense\u00f1ando a los agricultores a realizar compostaje\npara fertilizar sus suelos, c\u00f3mo cultivar distintas hortalizas y tambi\u00e9n han\nrescatado la tradici\u00f3n de cultivar en quintas. <\/p>\n\n\n\n<p>Por otro lado, entre las\nnovedades que tiene la unidad, se encuentran los ensayos que realizan con una\nvariedad de beterraga amarilla y otra, de coliflor morada. <\/p>\n\n\n\n<p><strong>Acerca de INIA<\/strong><\/p>\n\n\n\n<p>El Instituto de Investigaciones\nAgropecuarias (INIA) es la principal instituci\u00f3n de investigaci\u00f3n agropecuaria\nde Chile, dependiente del Ministerio de Agricultura, con presencia nacional de\nArica a Magallanes, a trav\u00e9s de sus 10 Centros Regionales, adem\u00e1s de oficinas\nt\u00e9cnicas y centros experimentales en cada una de las regiones del pa\u00eds. Su\nmisi\u00f3n es generar y transferir conocimientos y tecnolog\u00edas estrat\u00e9gicas a\nescala global, para producir innovaci\u00f3n y mejorar la competitividad del sector\nagroalimentario. www.inia.cl<\/p>\n","protected":false},"excerpt":{"rendered":"<p>Dentro de invernaderos tipo t\u00faneles situados entre plantaciones de hortalizas como lechugas, coliflor, acelgas, papas, zapallos, ajos y cebollas y frutos como calafates, frutillas y grosellas; se llev\u00f3 a cabo&#8230; <a class=\"read-more\" href=\"https:\/\/www.radiopresidenteibanez.cl\/web\/agricultores-y-habitantes-de-san-gregorio-asistieron-a-dia-de-campo-hortofruticola-en-inia-kampenaike\/\">Leer m\u00e1s<\/a><\/p>\n","protected":false},"author":2,"featured_media":9592,"comment_status":"closed","ping_status":"closed","sticky":false,"template":"","format":"standard","meta":{"footnotes":""},"categories":[1],"tags":[],"class_list":["post-9591","post","type-post","status-publish","format-standard","has-post-thumbnail","hentry","category-cronica"],"_links":{"self":[{"href":"https:\/\/www.radiopresidenteibanez.cl\/web\/wp-json\/wp\/v2\/posts\/9591","targetHints":{"allow":["GET"]}}],"collection":[{"href":"https:\/\/www.radiopresidenteibanez.cl\/web\/wp-json\/wp\/v2\/posts"}],"about":[{"href":"https:\/\/www.radiopresidenteibanez.cl\/web\/wp-json\/wp\/v2\/types\/post"}],"author":[{"embeddable":true,"href":"https:\/\/www.radiopresidenteibanez.cl\/web\/wp-json\/wp\/v2\/users\/2"}],"replies":[{"embeddable":true,"href":"https:\/\/www.radiopresidenteibanez.cl\/web\/wp-json\/wp\/v2\/comments?post=9591"}],"version-history":[{"count":0,"href":"https:\/\/www.radiopresidenteibanez.cl\/web\/wp-json\/wp\/v2\/posts\/9591\/revisions"}],"wp:featuredmedia":[{"embeddable":true,"href":"https:\/\/www.radiopresidenteibanez.cl\/web\/wp-json\/wp\/v2\/media\/9592"}],"wp:attachment":[{"href":"https:\/\/www.radiopresidenteibanez.cl\/web\/wp-json\/wp\/v2\/media?parent=9591"}],"wp:term":[{"taxonomy":"category","embeddable":true,"href":"https:\/\/www.radiopresidenteibanez.cl\/web\/wp-json\/wp\/v2\/categories?post=9591"},{"taxonomy":"post_tag","embeddable":true,"href":"https:\/\/www.radiopresidenteibanez.cl\/web\/wp-json\/wp\/v2\/tags?post=9591"}],"curies":[{"name":"wp","href":"https:\/\/api.w.org\/{rel}","templated":true}]}}