{"id":9588,"date":"2020-02-07T18:26:24","date_gmt":"2020-02-07T18:26:24","guid":{"rendered":"https:\/\/www.radiopresidenteibanez.cl\/web\/?p=9588"},"modified":"2020-02-07T18:26:28","modified_gmt":"2020-02-07T18:26:28","slug":"marco-enriquez-ominami-estrena-documental-en-rusia","status":"publish","type":"post","link":"https:\/\/www.radiopresidenteibanez.cl\/web\/marco-enriquez-ominami-estrena-documental-en-rusia\/","title":{"rendered":"MARCO ENR\u00cdQUEZ-OMINAMI ESTRENA DOCUMENTAL EN RUSIA"},"content":{"rendered":"\n<p>El ex candidato presidencial viajar\u00e1 al pa\u00eds europeo para presentar personalmente su m\u00e1s reciente obra, que fue dirigida por el cineasta argentino Rodrigo V\u00e1zquez, en la que analiza el estado de las distintas izquierdas suramericanas y que lo tiene un rol protag\u00f3nico como narrador.<\/p>\n\n\n\n<p>El documental es el resultado un recorrido por los pa\u00edses suramericanos que se extendi\u00f3 durante dos a\u00f1os, tiempo durante el cual entrevist\u00f3 a ciudadanos, mandatarios y ex mandatarios de pa\u00edses latinoamericanos tales como Evo Morales, Pepe Mujica, Dilma Rousseff y Rafael Correa, entre otros.&nbsp; Con esa base, Enr\u00edquez-Ominami realiza una reflexi\u00f3n pol\u00edtica sobre la realidad de los movimientos de izquierda y las razones por las que la regi\u00f3n ha sido recientemente tomada por gobiernos de derecha.<\/p>\n\n\n\n<p>El documental ser\u00e1 estrenado el 10 de febrero pr\u00f3ximo en Rusia, en la Universidad Estatal de San Petersburgo a las 15:20 y a las 19:00 en el ArchClub, donde luego de la participaci\u00f3n del ex candidato presidencial, fil\u00f3sofo y cineasta, se proyectar\u00e1 el documental de manera especial para los invitados al evento.<\/p>\n\n\n\n<p>Cabe destacar que la colecci\u00f3n de fotos que re\u00fane las obras de reconocidos fot\u00f3grafos latinoamericanos que retrataron La Habana, capital de Cuba est\u00e1 disponible al p\u00fablico desde 11 de enero de 2020 y lo har\u00e1 hasta el 11 de febrero en el ARCHCLUB (espacio \u201cSevkabel Port\u201d).<\/p>\n\n\n\n<p>Un d\u00eda antes del cierre se realizar\u00e1 una exposici\u00f3n en la que participar\u00e1n expertos de diferentes \u00e1mbitos, entre los que se encuentra Marco Enr\u00edquez-Ominami, para discutir acerca de la realidad de Cuba y Latinoam\u00e9rica en la escena internacional. Tras este espacio, se presentar\u00e1 el documental del chileno a los asistentes.<\/p>\n","protected":false},"excerpt":{"rendered":"<p>El ex candidato presidencial viajar\u00e1 al pa\u00eds europeo para presentar personalmente su m\u00e1s reciente obra, que fue dirigida por el cineasta argentino Rodrigo V\u00e1zquez, en la que analiza el estado&#8230; <a class=\"read-more\" href=\"https:\/\/www.radiopresidenteibanez.cl\/web\/marco-enriquez-ominami-estrena-documental-en-rusia\/\">Leer m\u00e1s<\/a><\/p>\n","protected":false},"author":2,"featured_media":9589,"comment_status":"closed","ping_status":"closed","sticky":false,"template":"","format":"standard","meta":{"footnotes":""},"categories":[4],"tags":[],"class_list":["post-9588","post","type-post","status-publish","format-standard","has-post-thumbnail","hentry","category-entretenimiento-y-cultura"],"_links":{"self":[{"href":"https:\/\/www.radiopresidenteibanez.cl\/web\/wp-json\/wp\/v2\/posts\/9588","targetHints":{"allow":["GET"]}}],"collection":[{"href":"https:\/\/www.radiopresidenteibanez.cl\/web\/wp-json\/wp\/v2\/posts"}],"about":[{"href":"https:\/\/www.radiopresidenteibanez.cl\/web\/wp-json\/wp\/v2\/types\/post"}],"author":[{"embeddable":true,"href":"https:\/\/www.radiopresidenteibanez.cl\/web\/wp-json\/wp\/v2\/users\/2"}],"replies":[{"embeddable":true,"href":"https:\/\/www.radiopresidenteibanez.cl\/web\/wp-json\/wp\/v2\/comments?post=9588"}],"version-history":[{"count":0,"href":"https:\/\/www.radiopresidenteibanez.cl\/web\/wp-json\/wp\/v2\/posts\/9588\/revisions"}],"wp:featuredmedia":[{"embeddable":true,"href":"https:\/\/www.radiopresidenteibanez.cl\/web\/wp-json\/wp\/v2\/media\/9589"}],"wp:attachment":[{"href":"https:\/\/www.radiopresidenteibanez.cl\/web\/wp-json\/wp\/v2\/media?parent=9588"}],"wp:term":[{"taxonomy":"category","embeddable":true,"href":"https:\/\/www.radiopresidenteibanez.cl\/web\/wp-json\/wp\/v2\/categories?post=9588"},{"taxonomy":"post_tag","embeddable":true,"href":"https:\/\/www.radiopresidenteibanez.cl\/web\/wp-json\/wp\/v2\/tags?post=9588"}],"curies":[{"name":"wp","href":"https:\/\/api.w.org\/{rel}","templated":true}]}}