{"id":9585,"date":"2020-02-07T18:20:20","date_gmt":"2020-02-07T18:20:20","guid":{"rendered":"https:\/\/www.radiopresidenteibanez.cl\/web\/?p=9585"},"modified":"2020-02-07T18:20:23","modified_gmt":"2020-02-07T18:20:23","slug":"mop-iniciara-construccion-de-mas-de-20-kilometros-de-camino-hollemberg-rio-perez","status":"publish","type":"post","link":"https:\/\/www.radiopresidenteibanez.cl\/web\/mop-iniciara-construccion-de-mas-de-20-kilometros-de-camino-hollemberg-rio-perez\/","title":{"rendered":"MOP INICIAR\u00c1 CONSTRUCCI\u00d3N DE M\u00c1S DE 20 KIL\u00d3METROS DE CAMINO HOLLEMBERG R\u00cdO P\u00c9REZ"},"content":{"rendered":"\n<p>Esta semana se dio inicio al contrato de las\nobras de construcci\u00f3n de la segunda etapa del camino Hollemberg R\u00edo P\u00e9rez,\ncorrespondiente al tramo que va desde el kil\u00f3metro&nbsp; 42,14793 al km. 64,13484, sector Bah\u00eda\nWilliams \u2013 Cordillera Pinto, en la comuna R\u00edo Verde.<\/p>\n\n\n\n<p>Lo anterior, luego de que este 24 de enero\nContralor\u00eda tom\u00f3 raz\u00f3n de la adjudicaci\u00f3n, por lo que se estima que en marzo se\nrealice la entrega de terreno a la Constructora Ingenier\u00eda Civil Vicente S.A,\npara posteriormente dar inicio a las obras. <\/p>\n\n\n\n<p>\u201cEstamos iniciando una obra que es\nfundamental para la conectividad y el turismo de la Regi\u00f3n de Magallanes, correspondiente\na la pen\u00faltima etapa que permitir\u00e1 unir finalmente las ciudades de Punta Arenas\ny Puerto Natales, a trav\u00e9s de una ruta alternativa a la Ruta 9 Norte\u201d, sostuvo\nel Seremi de Obras P\u00fablicas, Pablo Rendoll.<\/p>\n\n\n\n<p>\u201cEsta\nruta alternativa se concretar\u00e1 cuando se termine de empalmar, mediante un\ncamino de penetraci\u00f3n, la actual Ruta Y-340 que pertenece a la comuna de\nNatales, desde el sector de Seno Obstrucci\u00f3n, con la Ruta Y-502, sector Rio\nPerez, zona denominada Bah\u00eda Williams, en la ribera norte del Seno de Skyring\u201d,\ndijo el Director Regional de Vialidad Francisco Orozco, a\u00f1adiendo que \u201cuna vez\nconstruida en su totalidad podr\u00eda conformar un eje troncal que ayudar\u00e1 a\nconsolidar nuevos territorios, como la Pen\u00ednsula Mu\u00f1oz Gamero, confluencia de\nSeno Skyring y Seno Obstrucci\u00f3n\u201d. <\/p>\n\n\n\n<p>La construcci\u00f3n de estos m\u00e1s\nde 20 kil\u00f3metros de camino, incluir\u00e1n adem\u00e1s dos puentes modulares; el primero\nsobre el r\u00edo sin nombre ubicado en el Kil\u00f3metro 46,605, y el segundo en Rio\nPinto, situado en el Km. 57,342.<\/p>\n\n\n\n<p>El contrato, considera una inversi\u00f3n de $ 14.379.431.273,\ny se estima est\u00e9 concluido en mayo de 2022.&nbsp;&nbsp;&nbsp;&nbsp;&nbsp;&nbsp;&nbsp;&nbsp;&nbsp;&nbsp;&nbsp;&nbsp;&nbsp;&nbsp;&nbsp;&nbsp;&nbsp; <\/p>\n","protected":false},"excerpt":{"rendered":"<p>Esta semana se dio inicio al contrato de las obras de construcci\u00f3n de la segunda etapa del camino Hollemberg R\u00edo P\u00e9rez, correspondiente al tramo que va desde el kil\u00f3metro&nbsp; 42,14793&#8230; <a class=\"read-more\" href=\"https:\/\/www.radiopresidenteibanez.cl\/web\/mop-iniciara-construccion-de-mas-de-20-kilometros-de-camino-hollemberg-rio-perez\/\">Leer m\u00e1s<\/a><\/p>\n","protected":false},"author":2,"featured_media":9586,"comment_status":"closed","ping_status":"closed","sticky":false,"template":"","format":"standard","meta":{"footnotes":""},"categories":[1],"tags":[],"class_list":["post-9585","post","type-post","status-publish","format-standard","has-post-thumbnail","hentry","category-cronica"],"_links":{"self":[{"href":"https:\/\/www.radiopresidenteibanez.cl\/web\/wp-json\/wp\/v2\/posts\/9585","targetHints":{"allow":["GET"]}}],"collection":[{"href":"https:\/\/www.radiopresidenteibanez.cl\/web\/wp-json\/wp\/v2\/posts"}],"about":[{"href":"https:\/\/www.radiopresidenteibanez.cl\/web\/wp-json\/wp\/v2\/types\/post"}],"author":[{"embeddable":true,"href":"https:\/\/www.radiopresidenteibanez.cl\/web\/wp-json\/wp\/v2\/users\/2"}],"replies":[{"embeddable":true,"href":"https:\/\/www.radiopresidenteibanez.cl\/web\/wp-json\/wp\/v2\/comments?post=9585"}],"version-history":[{"count":0,"href":"https:\/\/www.radiopresidenteibanez.cl\/web\/wp-json\/wp\/v2\/posts\/9585\/revisions"}],"wp:featuredmedia":[{"embeddable":true,"href":"https:\/\/www.radiopresidenteibanez.cl\/web\/wp-json\/wp\/v2\/media\/9586"}],"wp:attachment":[{"href":"https:\/\/www.radiopresidenteibanez.cl\/web\/wp-json\/wp\/v2\/media?parent=9585"}],"wp:term":[{"taxonomy":"category","embeddable":true,"href":"https:\/\/www.radiopresidenteibanez.cl\/web\/wp-json\/wp\/v2\/categories?post=9585"},{"taxonomy":"post_tag","embeddable":true,"href":"https:\/\/www.radiopresidenteibanez.cl\/web\/wp-json\/wp\/v2\/tags?post=9585"}],"curies":[{"name":"wp","href":"https:\/\/api.w.org\/{rel}","templated":true}]}}