{"id":9581,"date":"2020-02-07T14:46:36","date_gmt":"2020-02-07T14:46:36","guid":{"rendered":"https:\/\/www.radiopresidenteibanez.cl\/web\/?p=9581"},"modified":"2020-02-07T14:46:39","modified_gmt":"2020-02-07T14:46:39","slug":"seremi-de-gobierno-invita-a-dirigentes-sociales-a-participar-en-nuevo-curso-e-learning-sobre-elaboracion-de-proyectos","status":"publish","type":"post","link":"https:\/\/www.radiopresidenteibanez.cl\/web\/seremi-de-gobierno-invita-a-dirigentes-sociales-a-participar-en-nuevo-curso-e-learning-sobre-elaboracion-de-proyectos\/","title":{"rendered":"SEREMI DE GOBIERNO INVITA A DIRIGENTES SOCIALES A PARTICIPAR EN NUEVO CURSO E-LEARNING SOBRE ELABORACI\u00d3N DE PROYECTOS"},"content":{"rendered":"\n<p>Generar y potenciar herramientas\nconceptuales y t\u00e9cnicas destinadas a facilitar la elaboraci\u00f3n de proyectos\nsociales, es el objetivo que tiene el nuevo curso e-learning denominado\n\u201cProcesos Concursables\u201d, que impulsa el ministerio Secretar\u00eda General de\nGobierno.<\/p>\n\n\n\n<p>Este curso gratuito y que se\nejecutar\u00e1 en la modalidad a distancia, es el segundo que realiza el ministerio\ny est\u00e1 orientado para que participen los dirigentes sociales, con la finalidad\nde que a trav\u00e9s del estudio, logren obtener mayor conocimiento en la\nelaboraci\u00f3n de proyectos y as\u00ed puedan adjudicarse recursos del Fondo de\nFortalecimiento de Organizaciones de Inter\u00e9s P\u00fablico (FFOIP).<\/p>\n\n\n\n<p>La seremi de Gobierno, Alejandra\nMu\u00f1oz destac\u00f3 que \u00e9sta es una tremenda herramienta de capacitaci\u00f3n para la\ncomunidad, que por segunda vez pone a disposici\u00f3n el ministerio Secretar\u00eda\nGeneral de Gobierno, pensando sobre todo en los dirigentes sociales.<\/p>\n\n\n\n<p>\u201cEstamos hablando de un curso\ngratuito y 100 % online que permite a dirigentes sociales y a funcionarios\np\u00fablicos adquirir informaci\u00f3n relevante respecto a la formulaci\u00f3n de proyectos,\nlo que los ayudar\u00e1 a tener una mejor preparaci\u00f3n en la postulaci\u00f3n a Fondos\nConcursables. Es una gran oportunidad que ofrece nuestro Ministerio para poder\nfacilitar y otorgar posibilidades de estudio a personas como nosotros, los\nmagall\u00e1nicos, a quienes nos cuesta tanto salir de nuestra regi\u00f3n\u201d, asegur\u00f3 la\nvocera del Gobierno Regional.<\/p>\n\n\n\n<p>Adem\u00e1s, la seremi Mu\u00f1oz a\u00f1adi\u00f3\nque uno de los prop\u00f3sitos de la Segegob es apoyar a los dirigentes\nentreg\u00e1ndoles informaci\u00f3n, herramientas y conocimiento para que puedan liderar\nsus organizaciones, traspasando lo que aprendan a sus asociados, para que en el\nfuturo puedan tener nuevos l\u00edderes.<\/p>\n\n\n\n<p>\u201cEstamos orgullosos y contentos\nde que nuestros dirigentes puedan acceder a este tipo de instancias, por eso la\ninvitaci\u00f3n es a que se inscriban y se motiven a realizar el curso desde\ncualquier rinc\u00f3n de nuestra regi\u00f3n\u201d, se\u00f1al\u00f3 la seremi de Gobierno.<\/p>\n\n\n\n<p>Las personas que quieran\nparticipar deben inscribirse escribiendo al correo <a href=\"mailto:portal@msgg.gob.cl\">portal@msgg.gob.cl<\/a> o acerc\u00e1ndose a las\noficinas de la seremi de Gobierno en el segundo piso del edificio de la\nintendencia regional. El plazo de inscripci\u00f3n es hasta el 14 de febrero, ya que\nel 17 de febrero se dar\u00e1 inicio al curso.<\/p>\n","protected":false},"excerpt":{"rendered":"<p>Generar y potenciar herramientas conceptuales y t\u00e9cnicas destinadas a facilitar la elaboraci\u00f3n de proyectos sociales, es el objetivo que tiene el nuevo curso e-learning denominado \u201cProcesos Concursables\u201d, que impulsa el&#8230; <a class=\"read-more\" href=\"https:\/\/www.radiopresidenteibanez.cl\/web\/seremi-de-gobierno-invita-a-dirigentes-sociales-a-participar-en-nuevo-curso-e-learning-sobre-elaboracion-de-proyectos\/\">Leer m\u00e1s<\/a><\/p>\n","protected":false},"author":2,"featured_media":9582,"comment_status":"closed","ping_status":"closed","sticky":false,"template":"","format":"standard","meta":{"footnotes":""},"categories":[1],"tags":[],"class_list":["post-9581","post","type-post","status-publish","format-standard","has-post-thumbnail","hentry","category-cronica"],"_links":{"self":[{"href":"https:\/\/www.radiopresidenteibanez.cl\/web\/wp-json\/wp\/v2\/posts\/9581","targetHints":{"allow":["GET"]}}],"collection":[{"href":"https:\/\/www.radiopresidenteibanez.cl\/web\/wp-json\/wp\/v2\/posts"}],"about":[{"href":"https:\/\/www.radiopresidenteibanez.cl\/web\/wp-json\/wp\/v2\/types\/post"}],"author":[{"embeddable":true,"href":"https:\/\/www.radiopresidenteibanez.cl\/web\/wp-json\/wp\/v2\/users\/2"}],"replies":[{"embeddable":true,"href":"https:\/\/www.radiopresidenteibanez.cl\/web\/wp-json\/wp\/v2\/comments?post=9581"}],"version-history":[{"count":0,"href":"https:\/\/www.radiopresidenteibanez.cl\/web\/wp-json\/wp\/v2\/posts\/9581\/revisions"}],"wp:featuredmedia":[{"embeddable":true,"href":"https:\/\/www.radiopresidenteibanez.cl\/web\/wp-json\/wp\/v2\/media\/9582"}],"wp:attachment":[{"href":"https:\/\/www.radiopresidenteibanez.cl\/web\/wp-json\/wp\/v2\/media?parent=9581"}],"wp:term":[{"taxonomy":"category","embeddable":true,"href":"https:\/\/www.radiopresidenteibanez.cl\/web\/wp-json\/wp\/v2\/categories?post=9581"},{"taxonomy":"post_tag","embeddable":true,"href":"https:\/\/www.radiopresidenteibanez.cl\/web\/wp-json\/wp\/v2\/tags?post=9581"}],"curies":[{"name":"wp","href":"https:\/\/api.w.org\/{rel}","templated":true}]}}