{"id":9578,"date":"2020-02-07T13:00:42","date_gmt":"2020-02-07T13:00:42","guid":{"rendered":"https:\/\/www.radiopresidenteibanez.cl\/web\/?p=9578"},"modified":"2020-02-07T13:00:45","modified_gmt":"2020-02-07T13:00:45","slug":"subvencion-presidencial-entrego-fondos-para-adquisicion-de-ocho-camas-clinicas-para-pacientes-natalinos","status":"publish","type":"post","link":"https:\/\/www.radiopresidenteibanez.cl\/web\/subvencion-presidencial-entrego-fondos-para-adquisicion-de-ocho-camas-clinicas-para-pacientes-natalinos\/","title":{"rendered":"SUBVENCI\u00d3N PRESIDENCIAL ENTREG\u00d3 FONDOS PARA ADQUISICI\u00d3N DE OCHO CAMAS CL\u00cdNICAS PARA PACIENTES NATALINOS"},"content":{"rendered":"\n<p>\u201cCuidar con Amor\u201d es el\nnombre del proyecto que la agrupaci\u00f3n <em>Luz\ny Esperanza<\/em> llev\u00f3 a cabo para poder adquirir equipamiento especializado de\ndormitorio que vaya en ayuda de aquellas personas enfermas que se encuentran en\nsituaci\u00f3n de dependencia severa. Los fondos para la compra de estos insumos\nfueron 10 millones de pesos, y se obtuvieron por medio de una subvenci\u00f3n\npresidencial a trav\u00e9s de la fundaci\u00f3n de la Primera Dama, Cecilia Morel.<\/p>\n\n\n\n<p>El monto recibido por la\nagrupaci\u00f3n <em>Luz y Esperanza<\/em> fue\ndestinado a comprar ocho camas cl\u00ednicas, ocho colchones para cama el\u00e9ctrica y\nocho colchones anti escaras. La presidenta de la agrupaci\u00f3n, Sonia San Mart\u00edn, se\nrefiri\u00f3 al traspaso de estos catres, al respecto mencion\u00f3 que \u201cla\nentrega de estas camas se realiza en base a un trabajo en red, ya que no soy\nsolamente yo quien toma la decisi\u00f3n de entregar la cama, sino que tambi\u00e9n hay\nasistentes sociales, adem\u00e1s trabajamos con la Gobernaci\u00f3n, con el municipio,\ncon el Cesfam y tambi\u00e9n con el centro de rehabilitaci\u00f3n. Trabajando en red se\nfacilitan mucho m\u00e1s las cosas, especialmente cuando vamos todos en el mismo\ncamino\u201d.<\/p>\n\n\n\n<p>Por su parte, el\nIntendente Jos\u00e9 Fern\u00e1ndez valor\u00f3 el hecho de que se puedan materializar este\ntipo de proyectos, sobre esto coment\u00f3 que \u201ca veces uno\ncomo Gobierno se enfrasca en ver y preocuparse de las grandes obras, pero estas\npeque\u00f1as cosas, que no son tan peque\u00f1as en el fondo, significan mejorarle la\ncalidad de vida a un ciudadano y eso es algo que tiene much\u00edsima importancia.\nPor eso hay que agradecer las ideas que tienen personas como la se\u00f1ora Sonia\nSan Mart\u00edn, que se preocupan del pr\u00f3jimo y levantan estas iniciativas\u201d.<\/p>\n\n\n\n<p>Asimismo,\nel Gobernador Ra\u00fal Suazo se mostr\u00f3 muy feliz al ver realizado este plan, \u201cla\nmaterializaci\u00f3n de este proyecto es muy importante, por ello esperamos seguir\nen la misma din\u00e1mica, ya que el compromiso nuestro es continuar trabajando con\neste tipo de iniciativas. Esto nos tiene muy contentos porque a trav\u00e9s de la\nentrega de estas camas cl\u00ednicas, ocho familias se van a ver favorecidas y digo\nfamilias porque es toda la familia la que se ve beneficiada. Por lo mismo,\nvamos a poder mejorarle la calidad de vida a las personas y eso es algo que nos\ntiene muy satisfechos\u201d, coment\u00f3.<\/p>\n\n\n\n<p>Por\nsu lado, el alcalde de Natales, Fernando Paredes, hizo \u00e9nfasis en la\nimportancia de continuar con estos proyectos para auxiliar a las personas que\ntengan alg\u00fan tipo de enfermedad que los mantenga en esa situaci\u00f3n, \u201cdesde el\npunto de vista social hay muchas ayudas que no se ven y de hecho, a veces este\ntipo de ayudas se ven lejanas, especialmente en un pa\u00eds tan centralizado como\nel nuestro, por lo mismo es que quisiera reafirmar nuestro compromiso para\npoder seguir trabajando en beneficio de la gente m\u00e1s necesitada, ya que al\nfinal lo gratificante es que estamos solucionando problemas reales\u201d, sentenci\u00f3.\n<\/p>\n\n\n\n<p>Los\nbeneficiarios son ocho personas, quienes podr\u00e1n utilizar las camas y su\nrespectivo equipamiento durante el tiempo que estimen pertinente para luego\nreintegrarlo a la agrupaci\u00f3n <em>Luz y Esperanza<\/em>\npara que as\u00ed pueda ser destinado a otra persona que se encuentre en condiciones\nsemejantes. <\/p>\n","protected":false},"excerpt":{"rendered":"<p>\u201cCuidar con Amor\u201d es el nombre del proyecto que la agrupaci\u00f3n Luz y Esperanza llev\u00f3 a cabo para poder adquirir equipamiento especializado de dormitorio que vaya en ayuda de aquellas&#8230; <a class=\"read-more\" href=\"https:\/\/www.radiopresidenteibanez.cl\/web\/subvencion-presidencial-entrego-fondos-para-adquisicion-de-ocho-camas-clinicas-para-pacientes-natalinos\/\">Leer m\u00e1s<\/a><\/p>\n","protected":false},"author":2,"featured_media":9579,"comment_status":"closed","ping_status":"closed","sticky":false,"template":"","format":"standard","meta":{"footnotes":""},"categories":[1],"tags":[],"class_list":["post-9578","post","type-post","status-publish","format-standard","has-post-thumbnail","hentry","category-cronica"],"_links":{"self":[{"href":"https:\/\/www.radiopresidenteibanez.cl\/web\/wp-json\/wp\/v2\/posts\/9578","targetHints":{"allow":["GET"]}}],"collection":[{"href":"https:\/\/www.radiopresidenteibanez.cl\/web\/wp-json\/wp\/v2\/posts"}],"about":[{"href":"https:\/\/www.radiopresidenteibanez.cl\/web\/wp-json\/wp\/v2\/types\/post"}],"author":[{"embeddable":true,"href":"https:\/\/www.radiopresidenteibanez.cl\/web\/wp-json\/wp\/v2\/users\/2"}],"replies":[{"embeddable":true,"href":"https:\/\/www.radiopresidenteibanez.cl\/web\/wp-json\/wp\/v2\/comments?post=9578"}],"version-history":[{"count":0,"href":"https:\/\/www.radiopresidenteibanez.cl\/web\/wp-json\/wp\/v2\/posts\/9578\/revisions"}],"wp:featuredmedia":[{"embeddable":true,"href":"https:\/\/www.radiopresidenteibanez.cl\/web\/wp-json\/wp\/v2\/media\/9579"}],"wp:attachment":[{"href":"https:\/\/www.radiopresidenteibanez.cl\/web\/wp-json\/wp\/v2\/media?parent=9578"}],"wp:term":[{"taxonomy":"category","embeddable":true,"href":"https:\/\/www.radiopresidenteibanez.cl\/web\/wp-json\/wp\/v2\/categories?post=9578"},{"taxonomy":"post_tag","embeddable":true,"href":"https:\/\/www.radiopresidenteibanez.cl\/web\/wp-json\/wp\/v2\/tags?post=9578"}],"curies":[{"name":"wp","href":"https:\/\/api.w.org\/{rel}","templated":true}]}}