{"id":9575,"date":"2020-02-07T12:58:49","date_gmt":"2020-02-07T12:58:49","guid":{"rendered":"https:\/\/www.radiopresidenteibanez.cl\/web\/?p=9575"},"modified":"2020-02-07T12:58:54","modified_gmt":"2020-02-07T12:58:54","slug":"se-buscan-reporteros-de-terreno-para-cubrir-expedicion-cientifica-antartica","status":"publish","type":"post","link":"https:\/\/www.radiopresidenteibanez.cl\/web\/se-buscan-reporteros-de-terreno-para-cubrir-expedicion-cientifica-antartica\/","title":{"rendered":"SE BUSCAN REPORTEROS DE TERRENO PARA CUBRIR EXPEDICI\u00d3N CIENT\u00cdFICA ANT\u00c1RTICA"},"content":{"rendered":"\n<p>Por segundo a\u00f1o consecutivo, el Instituto\nAnt\u00e1rtico Chileno (INACH) abre la convocatoria para profesionales de medios de\ncomunicaci\u00f3n (prensa escrita, radio, televisi\u00f3n, portales electr\u00f3nicos y\/o\nproyectos audiovisuales) a participar del concurso <em>\u201c<\/em>Cobertura en terreno de la LVI Expedici\u00f3n Cient\u00edfica Ant\u00e1rtica\n(ECA 56)\u201d<em>,<\/em> el cual brinda acceso al\nTerritorio Chileno Ant\u00e1rtico, y otras actividades en Patagonia, para el\nreporteo en terreno de actividades cient\u00edficas y log\u00edsticas.<\/p>\n\n\n\n<p>Esta iniciativa busca promover el conocimiento de\nlas tem\u00e1ticas ant\u00e1rticas hacia la comunidad, a trav\u00e9s de la presencia en medios\nde comunicaci\u00f3n regionales, nacionales e internacionales que elaboren material\nperiod\u00edstico de calidad y amplio alcance, para as\u00ed estimular la conformaci\u00f3n de\nuna comunidad que comprenda la importancia del conocimiento y protecci\u00f3n del\nContinente.<\/p>\n\n\n\n<p>Los y las comunicadores postulantes deber\u00e1n\npresentar una carta de compromiso de un medio de comunicaci\u00f3n social, y optar\npor uno de los siguientes cupos disponibles:<\/p>\n\n\n\n<ul class=\"wp-block-list\"><li>Navegaci\u00f3n en Buque AP-41 Aquiles de la Armada de\nChile, desde Punta Arenas y hasta Bah\u00eda Margarita (dentro del c\u00edrculo polar)\ndel 26 de febrero al 25 de marzo de 2020.<\/li><li>Expedici\u00f3n Paleontol\u00f3gica al sector de Cerro\nGuido (Puerto Natales), en modalidad campamento, del 23 de febrero al 02 de\nmarzo de 2020.<\/li><li>Estad\u00eda en Base Profesor Julio Escudero, isla Rey\nJorge, del 19 de febrero al 15 de marzo de 2020. *Solo para medios de\ncomunicaci\u00f3n con sede en la Regi\u00f3n de Magallanes y de la Ant\u00e1rtica Chilena.<\/li><\/ul>\n\n\n\n<p>Los interesados deber\u00e1n completar su postulaci\u00f3n\na trav\u00e9s de un formulario que se encuentra disponible en la p\u00e1gina web<a href=\"http:\/\/www.inach.cl\/\"> <\/a><a href=\"http:\/\/www.inach.cl\">www.inach.cl<\/a> hasta el viernes\n14 de febrero.<\/p>\n","protected":false},"excerpt":{"rendered":"<p>Por segundo a\u00f1o consecutivo, el Instituto Ant\u00e1rtico Chileno (INACH) abre la convocatoria para profesionales de medios de comunicaci\u00f3n (prensa escrita, radio, televisi\u00f3n, portales electr\u00f3nicos y\/o proyectos audiovisuales) a participar del&#8230; <a class=\"read-more\" href=\"https:\/\/www.radiopresidenteibanez.cl\/web\/se-buscan-reporteros-de-terreno-para-cubrir-expedicion-cientifica-antartica\/\">Leer m\u00e1s<\/a><\/p>\n","protected":false},"author":2,"featured_media":9576,"comment_status":"closed","ping_status":"closed","sticky":false,"template":"","format":"standard","meta":{"footnotes":""},"categories":[1],"tags":[],"class_list":["post-9575","post","type-post","status-publish","format-standard","has-post-thumbnail","hentry","category-cronica"],"_links":{"self":[{"href":"https:\/\/www.radiopresidenteibanez.cl\/web\/wp-json\/wp\/v2\/posts\/9575","targetHints":{"allow":["GET"]}}],"collection":[{"href":"https:\/\/www.radiopresidenteibanez.cl\/web\/wp-json\/wp\/v2\/posts"}],"about":[{"href":"https:\/\/www.radiopresidenteibanez.cl\/web\/wp-json\/wp\/v2\/types\/post"}],"author":[{"embeddable":true,"href":"https:\/\/www.radiopresidenteibanez.cl\/web\/wp-json\/wp\/v2\/users\/2"}],"replies":[{"embeddable":true,"href":"https:\/\/www.radiopresidenteibanez.cl\/web\/wp-json\/wp\/v2\/comments?post=9575"}],"version-history":[{"count":0,"href":"https:\/\/www.radiopresidenteibanez.cl\/web\/wp-json\/wp\/v2\/posts\/9575\/revisions"}],"wp:featuredmedia":[{"embeddable":true,"href":"https:\/\/www.radiopresidenteibanez.cl\/web\/wp-json\/wp\/v2\/media\/9576"}],"wp:attachment":[{"href":"https:\/\/www.radiopresidenteibanez.cl\/web\/wp-json\/wp\/v2\/media?parent=9575"}],"wp:term":[{"taxonomy":"category","embeddable":true,"href":"https:\/\/www.radiopresidenteibanez.cl\/web\/wp-json\/wp\/v2\/categories?post=9575"},{"taxonomy":"post_tag","embeddable":true,"href":"https:\/\/www.radiopresidenteibanez.cl\/web\/wp-json\/wp\/v2\/tags?post=9575"}],"curies":[{"name":"wp","href":"https:\/\/api.w.org\/{rel}","templated":true}]}}