{"id":9572,"date":"2020-02-07T12:56:20","date_gmt":"2020-02-07T12:56:20","guid":{"rendered":"https:\/\/www.radiopresidenteibanez.cl\/web\/?p=9572"},"modified":"2020-02-07T12:56:24","modified_gmt":"2020-02-07T12:56:24","slug":"sercotec-lanza-beneficio-para-que-los-almaceneros-de-chile-puedan-digitalizar-sus-negocios","status":"publish","type":"post","link":"https:\/\/www.radiopresidenteibanez.cl\/web\/sercotec-lanza-beneficio-para-que-los-almaceneros-de-chile-puedan-digitalizar-sus-negocios\/","title":{"rendered":"SERCOTEC LANZA BENEFICIO PARA QUE LOS ALMACENEROS DE CHILE PUEDAN DIGITALIZAR SUS NEGOCIOS"},"content":{"rendered":"\n<p>Se abrieron las postulaciones para\nque los almaceneros de nuestro pa\u00eds puedan obtener un beneficio que permitir\u00e1 digitalizar\nsu peque\u00f1o negocio y, de esta forma, mejorar la atenci\u00f3n de sus clientes y\nconcretar acciones de gesti\u00f3n empresarial. Este programa, entregar\u00e1 hasta\n$1.850.000 a los beneficiados, cuyas postulaciones podr\u00e1n realizarse en el\nsitio web de Sercotec. <\/p>\n\n\n\n<p>Al respecto, la directora\nregional de Sercotec Magallanes, Mar\u00eda Soledad Solo de Zald\u00edvar coment\u00f3 \u201cLa\ninvitaci\u00f3n es a todos los almaceneros que quieran sumarse a la era digital, a\ntrav\u00e9s de nuestro programa Almacenes, el fondo Digitaliza Tu Almac\u00e9n. Pueden\npostular hoy d\u00eda 6 hasta el 28 de febrero. El beneficio es de 1 mill\u00f3n 850 mil\npesos y para postular lo deben hacer por medio de nuestra p\u00e1gina web <a href=\"http:\/\/www.sercotec.cl\">www.sercotec.cl<\/a>. Con eso, van a poder\nadquirir todo lo que es los kit de digitalizaci\u00f3n, materia prima, todo lo que\nellos necesiten para poder aumentar sus ventas y por supuesto tener mayor\nfidelizaci\u00f3n con sus clientes\u201d. <\/p>\n\n\n\n<p>Marta, due\u00f1a del Almac\u00e9n La Hera y beneficiaria 2019 del\nfondo Digitaliza Tu Almac\u00e9n, recibi\u00f3 la visita de la directora regional y\nrealizaron el lanzamiento del programa a nivel Regi\u00f3n. \u201cBueno nos ha servido\nbastante haber tenido este fondo porque hemos podido tener mayor control de\nnuestra mercader\u00eda, nos ha mejorado la atenci\u00f3n de las personas y pero m\u00e1s que\nnada el inventario, de tener toda la informaci\u00f3n y tener el control de la\nmercader\u00eda\u201d. <\/p>\n\n\n\n<p>#DigitalizaTuAlmac\u00e9n es un subsidio que otorga fondos para\nque todos los Almacenes de Chile puedan capacitarse e invertir en acciones de\nmarketing y tecnolog\u00edas digitales.<\/p>\n\n\n\n<p>Destacar que la convocatoria para el subsidio concursable #DigitalizaTuAlmac\u00e9n\nest\u00e1 disponible desde hoy jueves 06 de febrero hasta el viernes 28 de febrero de\n2020 en el sitio web <a href=\"http:\/\/www.sercotec.cl\">www.sercotec.cl<\/a>. <\/p>\n\n\n\n<p>Para m\u00e1s informaci\u00f3n y postulaci\u00f3n, visita <a href=\"http:\/\/www.sercotec.cl\">www.sercotec.cl<\/a> o las oficinas de Sercotec Magallanes,\nubicadas en calle Roca 817 of 24. <\/p>\n","protected":false},"excerpt":{"rendered":"<p>Se abrieron las postulaciones para que los almaceneros de nuestro pa\u00eds puedan obtener un beneficio que permitir\u00e1 digitalizar su peque\u00f1o negocio y, de esta forma, mejorar la atenci\u00f3n de sus&#8230; <a class=\"read-more\" href=\"https:\/\/www.radiopresidenteibanez.cl\/web\/sercotec-lanza-beneficio-para-que-los-almaceneros-de-chile-puedan-digitalizar-sus-negocios\/\">Leer m\u00e1s<\/a><\/p>\n","protected":false},"author":2,"featured_media":9573,"comment_status":"closed","ping_status":"closed","sticky":false,"template":"","format":"standard","meta":{"footnotes":""},"categories":[1],"tags":[],"class_list":["post-9572","post","type-post","status-publish","format-standard","has-post-thumbnail","hentry","category-cronica"],"_links":{"self":[{"href":"https:\/\/www.radiopresidenteibanez.cl\/web\/wp-json\/wp\/v2\/posts\/9572","targetHints":{"allow":["GET"]}}],"collection":[{"href":"https:\/\/www.radiopresidenteibanez.cl\/web\/wp-json\/wp\/v2\/posts"}],"about":[{"href":"https:\/\/www.radiopresidenteibanez.cl\/web\/wp-json\/wp\/v2\/types\/post"}],"author":[{"embeddable":true,"href":"https:\/\/www.radiopresidenteibanez.cl\/web\/wp-json\/wp\/v2\/users\/2"}],"replies":[{"embeddable":true,"href":"https:\/\/www.radiopresidenteibanez.cl\/web\/wp-json\/wp\/v2\/comments?post=9572"}],"version-history":[{"count":0,"href":"https:\/\/www.radiopresidenteibanez.cl\/web\/wp-json\/wp\/v2\/posts\/9572\/revisions"}],"wp:featuredmedia":[{"embeddable":true,"href":"https:\/\/www.radiopresidenteibanez.cl\/web\/wp-json\/wp\/v2\/media\/9573"}],"wp:attachment":[{"href":"https:\/\/www.radiopresidenteibanez.cl\/web\/wp-json\/wp\/v2\/media?parent=9572"}],"wp:term":[{"taxonomy":"category","embeddable":true,"href":"https:\/\/www.radiopresidenteibanez.cl\/web\/wp-json\/wp\/v2\/categories?post=9572"},{"taxonomy":"post_tag","embeddable":true,"href":"https:\/\/www.radiopresidenteibanez.cl\/web\/wp-json\/wp\/v2\/tags?post=9572"}],"curies":[{"name":"wp","href":"https:\/\/api.w.org\/{rel}","templated":true}]}}