{"id":9569,"date":"2020-02-07T12:53:03","date_gmt":"2020-02-07T12:53:03","guid":{"rendered":"https:\/\/www.radiopresidenteibanez.cl\/web\/?p=9569"},"modified":"2020-02-07T12:53:08","modified_gmt":"2020-02-07T12:53:08","slug":"quiero-mi-barrio-impulsa-entrenamiento-deportivo-para-ninos-y-jovenes-de-eusebio-lillo-y-cumbres-patagonicas","status":"publish","type":"post","link":"https:\/\/www.radiopresidenteibanez.cl\/web\/quiero-mi-barrio-impulsa-entrenamiento-deportivo-para-ninos-y-jovenes-de-eusebio-lillo-y-cumbres-patagonicas\/","title":{"rendered":"QUIERO MI BARRIO IMPULSA ENTRENAMIENTO DEPORTIVO PARA NI\u00d1OS Y J\u00d3VENES DE EUSEBIO LILLO Y CUMBRES PATAG\u00d3NICAS"},"content":{"rendered":"\n<p>En pleno entrenamiento futbol\u00edstico se encuentran ni\u00f1os y adolescentes del barrio Eusebio Lillo-Cumbres Patag\u00f3nicas, en el marco del Plan de Gesti\u00f3n Social que lleva a cabo el Programa Quiero Mi Barrio del Ministerio de Vivienda y Urbanismo, en alianza con el municipio de Punta Arenas.<\/p>\n\n\n\n<p>La actividad, monitoreada por equipos sociales municipales y del MINVU, se desarrolla en la multicancha del sector con un director t\u00e9cnico a cargo de impartir distintas t\u00e1cticas de entrenamiento, lo que ha permitido recuperar el uso deportivo que corresponde a dicho recinto, desplazando igualmente posibles malos usos del equipamiento.<\/p>\n\n\n\n<p>Al respecto, el seremi de Vivienda y Urbanismo, Jos\u00e9 Miguel Horcos, resalt\u00f3 que \u201cEn el taller de autodiagn\u00f3stico que se realiz\u00f3 en la primera fase de intervenci\u00f3n, hubo un taller con j\u00f3venes y ni\u00f1os del barrio donde hicieron notar la mala utilizaci\u00f3n que se hac\u00eda de la multicancha, y la idea es revertir esta din\u00e1mica para recuperar los espacios de todos adecuadamente\u201d.<\/p>\n\n\n\n<p>Cabe destacar que en Eusebio Lillo y Cumbres Patag\u00f3nicas el segmento joven se ha mostrado muy entusiasta, y la idea es mantenerlos cohesionados en v\u00ednculo con el Programa Quiero Mi Barrio para avanzar en otras iniciativas como recuperaci\u00f3n de la identidad barrial, conciencia por el medioambiente y cuidado del entorno.<\/p>\n\n\n\n<p>Seg\u00fan destac\u00f3 uno de los l\u00edderes participantes, Nicol\u00e1s Aguilar, \u201cha sido interesante porque hay hartos ni\u00f1os que est\u00e1n aprendiendo y es importante, porque hay muchos con talento para ir viendo la especialidad de cada jugador, y lo importante ac\u00e1 no es s\u00f3lo ganar, sino divertirse y lo pasamos bien con el profesor\u201d.<\/p>\n\n\n\n<p>En este sentido, el Director T\u00e9cnico, Luis Ly, se\u00f1al\u00f3 que \u201cCon la disciplina del f\u00fatbol o futsal, complementamos el perfeccionamiento de los ni\u00f1os, trabajamos psicomotriz, mucho t\u00e9cnico f\u00edsico para tratar de formalizarlo en el futsal por el tama\u00f1o de la cancha, con bal\u00f3n de f\u00fatbol y futsal\u201d.<\/p>\n\n\n\n<p>El t\u00e9cnico indic\u00f3 asimismo que la edad fluct\u00faa entre los 9 y 16 a\u00f1os, trabajando dos veces a la semana y la idea es tambi\u00e9n volverlo a hacer en las vacaciones de invierno: \u201cTambi\u00e9n inserto un poco de conocimiento futbol\u00edstico nacional e internacional, les pido tareas para la casa, en este caso evoluci\u00f3n de alg\u00fan juego, conocimiento de jugadores, las posiciones en que juegan, porque hay ni\u00f1os que juegan por clubes y otros por forma recreativa pero el objetivo final es que ellos lleguen a complementarse en un club, como dos chicos de la Cardenal Silva Henr\u00edquez que hoy est\u00e1n en Club de Deportes Concepci\u00f3n.\u201d Finaliz\u00f3 el D.T.<\/p>\n","protected":false},"excerpt":{"rendered":"<p>En pleno entrenamiento futbol\u00edstico se encuentran ni\u00f1os y adolescentes del barrio Eusebio Lillo-Cumbres Patag\u00f3nicas, en el marco del Plan de Gesti\u00f3n Social que lleva a cabo el Programa Quiero Mi&#8230; <a class=\"read-more\" href=\"https:\/\/www.radiopresidenteibanez.cl\/web\/quiero-mi-barrio-impulsa-entrenamiento-deportivo-para-ninos-y-jovenes-de-eusebio-lillo-y-cumbres-patagonicas\/\">Leer m\u00e1s<\/a><\/p>\n","protected":false},"author":2,"featured_media":9570,"comment_status":"closed","ping_status":"closed","sticky":false,"template":"","format":"standard","meta":{"footnotes":""},"categories":[1],"tags":[],"class_list":["post-9569","post","type-post","status-publish","format-standard","has-post-thumbnail","hentry","category-cronica"],"_links":{"self":[{"href":"https:\/\/www.radiopresidenteibanez.cl\/web\/wp-json\/wp\/v2\/posts\/9569","targetHints":{"allow":["GET"]}}],"collection":[{"href":"https:\/\/www.radiopresidenteibanez.cl\/web\/wp-json\/wp\/v2\/posts"}],"about":[{"href":"https:\/\/www.radiopresidenteibanez.cl\/web\/wp-json\/wp\/v2\/types\/post"}],"author":[{"embeddable":true,"href":"https:\/\/www.radiopresidenteibanez.cl\/web\/wp-json\/wp\/v2\/users\/2"}],"replies":[{"embeddable":true,"href":"https:\/\/www.radiopresidenteibanez.cl\/web\/wp-json\/wp\/v2\/comments?post=9569"}],"version-history":[{"count":0,"href":"https:\/\/www.radiopresidenteibanez.cl\/web\/wp-json\/wp\/v2\/posts\/9569\/revisions"}],"wp:featuredmedia":[{"embeddable":true,"href":"https:\/\/www.radiopresidenteibanez.cl\/web\/wp-json\/wp\/v2\/media\/9570"}],"wp:attachment":[{"href":"https:\/\/www.radiopresidenteibanez.cl\/web\/wp-json\/wp\/v2\/media?parent=9569"}],"wp:term":[{"taxonomy":"category","embeddable":true,"href":"https:\/\/www.radiopresidenteibanez.cl\/web\/wp-json\/wp\/v2\/categories?post=9569"},{"taxonomy":"post_tag","embeddable":true,"href":"https:\/\/www.radiopresidenteibanez.cl\/web\/wp-json\/wp\/v2\/tags?post=9569"}],"curies":[{"name":"wp","href":"https:\/\/api.w.org\/{rel}","templated":true}]}}