{"id":9566,"date":"2020-02-07T12:46:30","date_gmt":"2020-02-07T12:46:30","guid":{"rendered":"https:\/\/www.radiopresidenteibanez.cl\/web\/?p=9566"},"modified":"2020-02-07T12:46:33","modified_gmt":"2020-02-07T12:46:33","slug":"exitosa-gira-nacional-de-la-compania-folklorica-brisa-austral-por-el-centro-y-sur-de-chile","status":"publish","type":"post","link":"https:\/\/www.radiopresidenteibanez.cl\/web\/exitosa-gira-nacional-de-la-compania-folklorica-brisa-austral-por-el-centro-y-sur-de-chile\/","title":{"rendered":"EXITOSA GIRA NACIONAL DE LA COMPA\u00d1\u00cdA FOLKL\u00d3RICA \u201cBRISA AUSTRAL\u201d POR EL CENTRO Y SUR DE CHILE"},"content":{"rendered":"\n<p>Un total de 16 presentaciones,\nfue el resultado de 3 itinerancias art\u00edsticas durante el mes de enero, por\nparte de la destaca agrupaci\u00f3n folkl\u00f3rica \u201cBrisa Austral\u201d de Punta Arenas,&nbsp; dando inicio&nbsp;\na su temporada 2020. <\/p>\n\n\n\n<p>Esta experiencia\nart\u00edstico-cultural, que recorri\u00f3 dos regiones de nuestro pa\u00eds, &nbsp;se enmarca dentro de sus actividades del\npresente a\u00f1o, en conmemoraci\u00f3n de los 10 a\u00f1os de vida art\u00edstica dentro de la\nescena magall\u00e1nica, las que incluye el estreno de 4 montajes de cada elenco\ndanc\u00edstico que integra esta compa\u00f1\u00eda folk\u00f3rica, diferentes funciones dentro de\nla regi\u00f3n, dos giras nacionales y una al extranjero. <\/p>\n\n\n\n<p>El inicio de la actual temporada,\nestuvo a cargo del Elenco Adulto&nbsp; de\nBrisa Austral,&nbsp; quienes representaron\nparte de la cultura patag\u00f3nica en el Festival Internacional \u201cJunto al lago\nLlanquihue\u201d, donde compartieron escena con elencos de Brasil, Per\u00fa Rep\u00fablica\nCheca, entre otros, y generaron un valioso rescate e intercambio cultural con\nlas obras \u201cLa pampa magall\u00e1nica\u201d, un homenaje al ovejero de la Patagonia\nchilena y \u201cEl sol de Latinoam\u00e9rica\u201d, un rescate de m\u00fasica y danza de los\ndiferentes pueblos latinoamericanos.<\/p>\n\n\n\n<p>Asimismo, y con las obras\ndenominadas \u201cPatagonia\u201d, \u201cDevotos de La Tirana\u201d y \u201cHuasos\u2026 cantares de chile\u201d,\nfue el turno del Elenco Estelar de \u201cBrisa Austral\u201d, quienes participaron del\n\u201c5\u00b0 Encuentro Nacional Ra\u00edces de Re\u00f1aca\u201d, en la regi\u00f3n de Valpara\u00edso y del\nEncuentro Folkl\u00f3rico de Los Pellines\u201d en la regi\u00f3n de Los Lagos. En ambos\nfestivales, tuvieron la posibilidad de compartir con diferentes elencos\nprovenientes de todo el pa\u00eds y recorrieron diversas comunas como Frutillar, Los\nPellines&nbsp; y R\u00edo Bueno. <\/p>\n\n\n\n<p>Todo, a cargo del destacado\ndirector esc\u00e9nico, Sr. Oscar Carri\u00f3n,&nbsp;\nquien se manifest\u00f3 sus agradecimientos a la organizaci\u00f3n de estos tres festivales.\n\u201cEs un privilegio y una gran responsabilidad ser parte de los grandes invitados\na estos encuentros folkl\u00f3rico nacionales e internacionales, porque se demuestra\nel inter\u00e9s de las organizaciones de contemplar en su parrilla program\u00e1tica a\nBrisa Austral de Punta Arenas. Es un tremendo desaf\u00edo poder llegar al nivel de\nlos elencos tan reconocidos y con gran trayectoria nacional, pero existe mucha\nconfianza en el trabajo realizado por todos los elencos que hoy componen Brisa\nAustral, porque han trabajado de manera sistem\u00e1tica, educativa y se han preparado\narduamente para cumplir, de la mejor manera posible, no solamente con estas\ngiras, sino con todos los&nbsp; grandes\ndesaf\u00edos que vienen este 2020\u201d<\/p>\n\n\n\n<p>Finalmente, Carri\u00f3n adelant\u00f3 que\nprontamente, se anunciar\u00e1n la fecha de la \u00fanica&nbsp;\naudici\u00f3n anual, para integrar las filas de Brisa Austral y, as\u00ed,\nconformar los elencos que representar\u00e1n parte de la cultura austral en el resto\ndel pa\u00eds y en el extranjero. <\/p>\n","protected":false},"excerpt":{"rendered":"<p>Un total de 16 presentaciones, fue el resultado de 3 itinerancias art\u00edsticas durante el mes de enero, por parte de la destaca agrupaci\u00f3n folkl\u00f3rica \u201cBrisa Austral\u201d de Punta Arenas,&nbsp; dando&#8230; <a class=\"read-more\" href=\"https:\/\/www.radiopresidenteibanez.cl\/web\/exitosa-gira-nacional-de-la-compania-folklorica-brisa-austral-por-el-centro-y-sur-de-chile\/\">Leer m\u00e1s<\/a><\/p>\n","protected":false},"author":2,"featured_media":9567,"comment_status":"closed","ping_status":"closed","sticky":false,"template":"","format":"standard","meta":{"footnotes":""},"categories":[1],"tags":[],"class_list":["post-9566","post","type-post","status-publish","format-standard","has-post-thumbnail","hentry","category-cronica"],"_links":{"self":[{"href":"https:\/\/www.radiopresidenteibanez.cl\/web\/wp-json\/wp\/v2\/posts\/9566","targetHints":{"allow":["GET"]}}],"collection":[{"href":"https:\/\/www.radiopresidenteibanez.cl\/web\/wp-json\/wp\/v2\/posts"}],"about":[{"href":"https:\/\/www.radiopresidenteibanez.cl\/web\/wp-json\/wp\/v2\/types\/post"}],"author":[{"embeddable":true,"href":"https:\/\/www.radiopresidenteibanez.cl\/web\/wp-json\/wp\/v2\/users\/2"}],"replies":[{"embeddable":true,"href":"https:\/\/www.radiopresidenteibanez.cl\/web\/wp-json\/wp\/v2\/comments?post=9566"}],"version-history":[{"count":0,"href":"https:\/\/www.radiopresidenteibanez.cl\/web\/wp-json\/wp\/v2\/posts\/9566\/revisions"}],"wp:featuredmedia":[{"embeddable":true,"href":"https:\/\/www.radiopresidenteibanez.cl\/web\/wp-json\/wp\/v2\/media\/9567"}],"wp:attachment":[{"href":"https:\/\/www.radiopresidenteibanez.cl\/web\/wp-json\/wp\/v2\/media?parent=9566"}],"wp:term":[{"taxonomy":"category","embeddable":true,"href":"https:\/\/www.radiopresidenteibanez.cl\/web\/wp-json\/wp\/v2\/categories?post=9566"},{"taxonomy":"post_tag","embeddable":true,"href":"https:\/\/www.radiopresidenteibanez.cl\/web\/wp-json\/wp\/v2\/tags?post=9566"}],"curies":[{"name":"wp","href":"https:\/\/api.w.org\/{rel}","templated":true}]}}