{"id":9561,"date":"2020-02-06T16:50:10","date_gmt":"2020-02-06T16:50:10","guid":{"rendered":"https:\/\/www.radiopresidenteibanez.cl\/web\/?p=9561"},"modified":"2020-02-06T18:05:37","modified_gmt":"2020-02-06T18:05:37","slug":"los-actos-vandalicos-poco-ayudan-a-cambiar-las-cosas-pero-si-a-la-campana-del-terror-de-la-derecha-dalivor-eterovic-presidente-regional-del-partido-comunista","status":"publish","type":"post","link":"https:\/\/www.radiopresidenteibanez.cl\/web\/los-actos-vandalicos-poco-ayudan-a-cambiar-las-cosas-pero-si-a-la-campana-del-terror-de-la-derecha-dalivor-eterovic-presidente-regional-del-partido-comunista\/","title":{"rendered":"\u201cLOS ACTOS VAND\u00c1LICOS POCO AYUDAN A CAMBIAR LAS COSAS, PERO SI A LA CAMPA\u00d1A DEL TERROR DE LA DERECHA\u201d DALIVOR ETEROVIC PRESIDENTE REGIONAL DEL PARTIDO COMUNISTA"},"content":{"rendered":"\n<p>El precandidato a la alcald\u00eda de Punta Arenas y presidente\nregional del Partido Comunista, Dalivor Eterovic, coment\u00f3 los acontecimientos\nque han estado ocurriendo en la capital magall\u00e1nica hechos que son condenados\npor el PC, as\u00ed tambi\u00e9n sobre el plebiscito.<\/p>\n\n\n\n<p>La entrevista completa del programa \u201cTiempo Libre en Verano\u201d conducido por Cristofer Hern\u00e1ndez, la puede encontrar en el siguiente link: \u00a0 <a href=\"https:\/\/www.facebook.com\/287588041574\/videos\/491408428144662\/\">https:\/\/www.facebook.com\/287588041574\/videos\/491408428144662\/<\/a> <\/p>\n","protected":false},"excerpt":{"rendered":"<p>El precandidato a la alcald\u00eda de Punta Arenas y presidente regional del Partido Comunista, Dalivor Eterovic, coment\u00f3 los acontecimientos que han estado ocurriendo en la capital magall\u00e1nica hechos que son&#8230; <a class=\"read-more\" href=\"https:\/\/www.radiopresidenteibanez.cl\/web\/los-actos-vandalicos-poco-ayudan-a-cambiar-las-cosas-pero-si-a-la-campana-del-terror-de-la-derecha-dalivor-eterovic-presidente-regional-del-partido-comunista\/\">Leer m\u00e1s<\/a><\/p>\n","protected":false},"author":2,"featured_media":9562,"comment_status":"closed","ping_status":"closed","sticky":false,"template":"","format":"standard","meta":{"footnotes":""},"categories":[36],"tags":[],"class_list":["post-9561","post","type-post","status-publish","format-standard","has-post-thumbnail","hentry","category-videos"],"_links":{"self":[{"href":"https:\/\/www.radiopresidenteibanez.cl\/web\/wp-json\/wp\/v2\/posts\/9561","targetHints":{"allow":["GET"]}}],"collection":[{"href":"https:\/\/www.radiopresidenteibanez.cl\/web\/wp-json\/wp\/v2\/posts"}],"about":[{"href":"https:\/\/www.radiopresidenteibanez.cl\/web\/wp-json\/wp\/v2\/types\/post"}],"author":[{"embeddable":true,"href":"https:\/\/www.radiopresidenteibanez.cl\/web\/wp-json\/wp\/v2\/users\/2"}],"replies":[{"embeddable":true,"href":"https:\/\/www.radiopresidenteibanez.cl\/web\/wp-json\/wp\/v2\/comments?post=9561"}],"version-history":[{"count":0,"href":"https:\/\/www.radiopresidenteibanez.cl\/web\/wp-json\/wp\/v2\/posts\/9561\/revisions"}],"wp:featuredmedia":[{"embeddable":true,"href":"https:\/\/www.radiopresidenteibanez.cl\/web\/wp-json\/wp\/v2\/media\/9562"}],"wp:attachment":[{"href":"https:\/\/www.radiopresidenteibanez.cl\/web\/wp-json\/wp\/v2\/media?parent=9561"}],"wp:term":[{"taxonomy":"category","embeddable":true,"href":"https:\/\/www.radiopresidenteibanez.cl\/web\/wp-json\/wp\/v2\/categories?post=9561"},{"taxonomy":"post_tag","embeddable":true,"href":"https:\/\/www.radiopresidenteibanez.cl\/web\/wp-json\/wp\/v2\/tags?post=9561"}],"curies":[{"name":"wp","href":"https:\/\/api.w.org\/{rel}","templated":true}]}}